{"id":10738,"date":"2020-04-01T16:53:55","date_gmt":"2020-04-01T16:53:55","guid":{"rendered":"https:\/\/www.radiopresidenteibanez.cl\/web\/?p=10738"},"modified":"2020-04-01T16:54:00","modified_gmt":"2020-04-01T16:54:00","slug":"99-casos-de-covid-19-en-la-region-de-magallanes","status":"publish","type":"post","link":"https:\/\/www.radiopresidenteibanez.cl\/web\/99-casos-de-covid-19-en-la-region-de-magallanes\/","title":{"rendered":"99 CASOS DE COVID-19 EN LA REGI\u00d3N DE MAGALLANES"},"content":{"rendered":"\n<p>Pasado el mediod\u00eda, el intendente de la regi\u00f3n de Magallanes,\nJos\u00e9 Fern\u00e1ndez, entreg\u00f3 la cifra de 99 contagiados por coronavirus Covid-19 siendo\n36 casos nuevos en relaci\u00f3n al d\u00eda de ayer, 19 masculinos, 17 femeninos.<\/p>\n\n\n\n<p>87 de los contagiados pertenecen a la ciudad de Punta Arenas,\n4 en Puerto Natales, 6 en Puerto Williams y 2 casos en Porvenir.<\/p>\n\n\n\n<p>A la fecha hay 39 pacientes hospitalizados en el Hospital\nCl\u00ednico de Magallanes, todos relacionados con el virus, mientras que en la\nunidad de Paciente Cr\u00edtico hay 12 hospitalizados, 9 confirmados y 3\nsospechosos. En esta unidad (UPC) todos conectados a ventilador y en estado\ngrave.<\/p>\n","protected":false},"excerpt":{"rendered":"<p>Pasado el mediod\u00eda, el intendente de la regi\u00f3n de Magallanes, Jos\u00e9 Fern\u00e1ndez, entreg\u00f3 la cifra de 99 contagiados por coronavirus Covid-19 siendo 36 casos nuevos en relaci\u00f3n al d\u00eda de&#8230; <a class=\"read-more\" href=\"https:\/\/www.radiopresidenteibanez.cl\/web\/99-casos-de-covid-19-en-la-region-de-magallanes\/\">Leer m\u00e1s<\/a><\/p>\n","protected":false},"author":2,"featured_media":10739,"comment_status":"closed","ping_status":"closed","sticky":false,"template":"","format":"standard","meta":{"footnotes":""},"categories":[1],"tags":[],"class_list":["post-10738","post","type-post","status-publish","format-standard","has-post-thumbnail","hentry","category-cronica"],"_links":{"self":[{"href":"https:\/\/www.radiopresidenteibanez.cl\/web\/wp-json\/wp\/v2\/posts\/10738","targetHints":{"allow":["GET"]}}],"collection":[{"href":"https:\/\/www.radiopresidenteibanez.cl\/web\/wp-json\/wp\/v2\/posts"}],"about":[{"href":"https:\/\/www.radiopresidenteibanez.cl\/web\/wp-json\/wp\/v2\/types\/post"}],"author":[{"embeddable":true,"href":"https:\/\/www.radiopresidenteibanez.cl\/web\/wp-json\/wp\/v2\/users\/2"}],"replies":[{"embeddable":true,"href":"https:\/\/www.radiopresidenteibanez.cl\/web\/wp-json\/wp\/v2\/comments?post=10738"}],"version-history":[{"count":0,"href":"https:\/\/www.radiopresidenteibanez.cl\/web\/wp-json\/wp\/v2\/posts\/10738\/revisions"}],"wp:featuredmedia":[{"embeddable":true,"href":"https:\/\/www.radiopresidenteibanez.cl\/web\/wp-json\/wp\/v2\/media\/10739"}],"wp:attachment":[{"href":"https:\/\/www.radiopresidenteibanez.cl\/web\/wp-json\/wp\/v2\/media?parent=10738"}],"wp:term":[{"taxonomy":"category","embeddable":true,"href":"https:\/\/www.radiopresidenteibanez.cl\/web\/wp-json\/wp\/v2\/categories?post=10738"},{"taxonomy":"post_tag","embeddable":true,"href":"https:\/\/www.radiopresidenteibanez.cl\/web\/wp-json\/wp\/v2\/tags?post=10738"}],"curies":[{"name":"wp","href":"https:\/\/api.w.org\/{rel}","templated":true}]}}