{"id":10733,"date":"2020-03-16T00:58:11","date_gmt":"2020-03-16T00:58:11","guid":{"rendered":"https:\/\/www.radiopresidenteibanez.cl\/web\/?p=10733"},"modified":"2020-04-01T01:01:41","modified_gmt":"2020-04-01T01:01:41","slug":"diputado-bianchi-exige-medidas-especiales-para-combatir-el-coronavirus-en-la-region","status":"publish","type":"post","link":"https:\/\/www.radiopresidenteibanez.cl\/web\/diputado-bianchi-exige-medidas-especiales-para-combatir-el-coronavirus-en-la-region\/","title":{"rendered":"DIPUTADO BIANCHI EXIGE MEDIDAS ESPECIALES PARA COMBATIR EL CORONAVIRUS EN LA REGI\u00d3N"},"content":{"rendered":"\n<p>Ante el aumento de contagiados\npor Covid-19 en el pa\u00eds, el diputado independiente ofici\u00f3 al ministro Ma\u00f1alich exigi\u00e9ndole\nla implementaci\u00f3n de medidas especiales para la regi\u00f3n, esto debido a sus caracter\u00edsticas.<\/p>\n\n\n\n<p>Lo anterior, seg\u00fan explica el\nparlamentario, es urgente ya que \u201cMagallanes es una regi\u00f3n tur\u00edstica\u201d y,\nadem\u00e1s, el clima podr\u00eda propiciar un crecimiento exponencial del virus.<\/p>\n\n\n\n<p>Asimismo, en el documento el\ndiputado regionalista pide al ministerio informar qu\u00e9 medidas ya se han tomado\npara controlar el eventual aumento de contagiados, teniendo en cuenta los casos\nsospechosos que ya se han registrado en la regi\u00f3n.<\/p>\n\n\n\n<p>De igual manera, se le exige a\nla autoridad indicar cu\u00e1les ser\u00e1n los protocolos que deber\u00e1n cumplir las\ninstituciones p\u00fablicas para resguardar la salud de la comunidad.<\/p>\n\n\n\n<p>De esta manera, el parlamentario\nasegur\u00f3 que busca \u201ccontar con las medidas necesarias para controlar una posible\npropagaci\u00f3n del coronavirus en la regi\u00f3n y garantizar la salud y oportuna\natenci\u00f3n a toda la comunidad\u201d.<\/p>\n","protected":false},"excerpt":{"rendered":"<p>Ante el aumento de contagiados por Covid-19 en el pa\u00eds, el diputado independiente ofici\u00f3 al ministro Ma\u00f1alich exigi\u00e9ndole la implementaci\u00f3n de medidas especiales para la regi\u00f3n, esto debido a sus&#8230; <a class=\"read-more\" href=\"https:\/\/www.radiopresidenteibanez.cl\/web\/diputado-bianchi-exige-medidas-especiales-para-combatir-el-coronavirus-en-la-region\/\">Leer m\u00e1s<\/a><\/p>\n","protected":false},"author":2,"featured_media":5567,"comment_status":"closed","ping_status":"closed","sticky":false,"template":"","format":"standard","meta":{"footnotes":""},"categories":[1],"tags":[],"class_list":["post-10733","post","type-post","status-publish","format-standard","has-post-thumbnail","hentry","category-cronica"],"_links":{"self":[{"href":"https:\/\/www.radiopresidenteibanez.cl\/web\/wp-json\/wp\/v2\/posts\/10733","targetHints":{"allow":["GET"]}}],"collection":[{"href":"https:\/\/www.radiopresidenteibanez.cl\/web\/wp-json\/wp\/v2\/posts"}],"about":[{"href":"https:\/\/www.radiopresidenteibanez.cl\/web\/wp-json\/wp\/v2\/types\/post"}],"author":[{"embeddable":true,"href":"https:\/\/www.radiopresidenteibanez.cl\/web\/wp-json\/wp\/v2\/users\/2"}],"replies":[{"embeddable":true,"href":"https:\/\/www.radiopresidenteibanez.cl\/web\/wp-json\/wp\/v2\/comments?post=10733"}],"version-history":[{"count":0,"href":"https:\/\/www.radiopresidenteibanez.cl\/web\/wp-json\/wp\/v2\/posts\/10733\/revisions"}],"wp:featuredmedia":[{"embeddable":true,"href":"https:\/\/www.radiopresidenteibanez.cl\/web\/wp-json\/wp\/v2\/media\/5567"}],"wp:attachment":[{"href":"https:\/\/www.radiopresidenteibanez.cl\/web\/wp-json\/wp\/v2\/media?parent=10733"}],"wp:term":[{"taxonomy":"category","embeddable":true,"href":"https:\/\/www.radiopresidenteibanez.cl\/web\/wp-json\/wp\/v2\/categories?post=10733"},{"taxonomy":"post_tag","embeddable":true,"href":"https:\/\/www.radiopresidenteibanez.cl\/web\/wp-json\/wp\/v2\/tags?post=10733"}],"curies":[{"name":"wp","href":"https:\/\/api.w.org\/{rel}","templated":true}]}}