{"id":10731,"date":"2020-04-01T00:57:23","date_gmt":"2020-04-01T00:57:23","guid":{"rendered":"https:\/\/www.radiopresidenteibanez.cl\/web\/?p=10731"},"modified":"2020-04-01T00:57:27","modified_gmt":"2020-04-01T00:57:27","slug":"diputado-bianchi-presenta-recurso-de-proteccion-contra-dictamen-de-la-direccion-del-trabajo","status":"publish","type":"post","link":"https:\/\/www.radiopresidenteibanez.cl\/web\/diputado-bianchi-presenta-recurso-de-proteccion-contra-dictamen-de-la-direccion-del-trabajo\/","title":{"rendered":"DIPUTADO BIANCHI PRESENTA RECURSO DE PROTECCI\u00d3N CONTRA DICTAMEN DE LA DIRECCI\u00d3N DEL TRABAJO"},"content":{"rendered":"\n<p>El documento fija los\ncriterios de las relaciones contractuales entre trabajador y empleador en caso\nde cuarentena total por coronavirus, eximiendo a los empleadores de pagar\nsueldos. Frente a esto, el diputado magall\u00e1nico asegur\u00f3 que el dictamen de la\nDirecci\u00f3n del trabajo deja \u201cdesprotegidos\u201d a los trabajadores.<\/p>\n\n\n\n<p>Luego de que el gobierno\nanunciara medidas restrictivas para siete comunas de la Regi\u00f3n Metropolitana,\nlo que podr\u00eda extenderse a m\u00e1s territorios, la Direcci\u00f3n del Trabajo emiti\u00f3 el\ndictamen que el parlamentario calific\u00f3 como \u201cinaceptable\u201d.<\/p>\n\n\n\n<p>\u201cEsta medida es completamente\ninaceptable, las autoridades deben velar por la protecci\u00f3n y los derechos de\nlos chilenos y este dictamen los deja desprotegidos en un momento tan delicado\ny complejo para todos\u201d, manifest\u00f3.<\/p>\n\n\n\n<p>En el recurso presentado, el\ndiputado independiente solicita a la Corte de Apelaciones de Punta Arenas que\nemita una orden de no innovar y que proh\u00edba a la Direcci\u00f3n del Trabajo de\nMagallanes, aplicar el dictamen emitido por la Direcci\u00f3n Nacional.<\/p>\n\n\n\n<p>\u201cDebemos velar por los\ntrabajadores de nuestra regi\u00f3n y defenderlos, no podemos permitir que en una\nsituaci\u00f3n tan dif\u00edcil los dejemos as\u00ed, sin ninguna seguridad\u201d, se\u00f1al\u00f3.<\/p>\n\n\n\n<p>El documento que present\u00f3 el\ndiputado regionalista indica que \u201cel dictamen emanado de la directora del\nTrabajo (s),&nbsp;constituye un acto de la autoridad, arbitrario e ilegal\u201d,\nesto debido a la vulneraci\u00f3n de los derechos de los trabajadores.<\/p>\n","protected":false},"excerpt":{"rendered":"<p>El documento fija los criterios de las relaciones contractuales entre trabajador y empleador en caso de cuarentena total por coronavirus, eximiendo a los empleadores de pagar sueldos. Frente a esto,&#8230; <a class=\"read-more\" href=\"https:\/\/www.radiopresidenteibanez.cl\/web\/diputado-bianchi-presenta-recurso-de-proteccion-contra-dictamen-de-la-direccion-del-trabajo\/\">Leer m\u00e1s<\/a><\/p>\n","protected":false},"author":2,"featured_media":5567,"comment_status":"closed","ping_status":"closed","sticky":false,"template":"","format":"standard","meta":{"footnotes":""},"categories":[1],"tags":[],"class_list":["post-10731","post","type-post","status-publish","format-standard","has-post-thumbnail","hentry","category-cronica"],"_links":{"self":[{"href":"https:\/\/www.radiopresidenteibanez.cl\/web\/wp-json\/wp\/v2\/posts\/10731","targetHints":{"allow":["GET"]}}],"collection":[{"href":"https:\/\/www.radiopresidenteibanez.cl\/web\/wp-json\/wp\/v2\/posts"}],"about":[{"href":"https:\/\/www.radiopresidenteibanez.cl\/web\/wp-json\/wp\/v2\/types\/post"}],"author":[{"embeddable":true,"href":"https:\/\/www.radiopresidenteibanez.cl\/web\/wp-json\/wp\/v2\/users\/2"}],"replies":[{"embeddable":true,"href":"https:\/\/www.radiopresidenteibanez.cl\/web\/wp-json\/wp\/v2\/comments?post=10731"}],"version-history":[{"count":0,"href":"https:\/\/www.radiopresidenteibanez.cl\/web\/wp-json\/wp\/v2\/posts\/10731\/revisions"}],"wp:featuredmedia":[{"embeddable":true,"href":"https:\/\/www.radiopresidenteibanez.cl\/web\/wp-json\/wp\/v2\/media\/5567"}],"wp:attachment":[{"href":"https:\/\/www.radiopresidenteibanez.cl\/web\/wp-json\/wp\/v2\/media?parent=10731"}],"wp:term":[{"taxonomy":"category","embeddable":true,"href":"https:\/\/www.radiopresidenteibanez.cl\/web\/wp-json\/wp\/v2\/categories?post=10731"},{"taxonomy":"post_tag","embeddable":true,"href":"https:\/\/www.radiopresidenteibanez.cl\/web\/wp-json\/wp\/v2\/tags?post=10731"}],"curies":[{"name":"wp","href":"https:\/\/api.w.org\/{rel}","templated":true}]}}