{"id":10723,"date":"2020-03-31T20:23:58","date_gmt":"2020-03-31T20:23:58","guid":{"rendered":"https:\/\/www.radiopresidenteibanez.cl\/web\/?p=10723"},"modified":"2020-03-31T20:24:04","modified_gmt":"2020-03-31T20:24:04","slug":"senadora-goic-valoro-cuarentena-decretada-para-punta-arenas-pero-solicito-medidas-de-apoyo-extraordinarias-para-la-toda-la-region","status":"publish","type":"post","link":"https:\/\/www.radiopresidenteibanez.cl\/web\/senadora-goic-valoro-cuarentena-decretada-para-punta-arenas-pero-solicito-medidas-de-apoyo-extraordinarias-para-la-toda-la-region\/","title":{"rendered":"SENADORA GOIC VALOR\u00d3 CUARENTENA DECRETADA PARA PUNTA ARENAS PERO SOLICIT\u00d3 MEDIDAS DE APOYO EXTRAORDINARIAS PARA LA TODA LA REGI\u00d3N"},"content":{"rendered":"\n<p>La senadora por Magallanes y la Ant\u00e1rtica Chilena, Carolina Goic, valor\u00f3 el\nanunci\u00f3 del Gobierno de decretar cuarentena a partir de ma\u00f1ana en Punta Arenas,\ntal como ella y el resto de parlamentarios de la regi\u00f3n hab\u00edan solicitado, as\u00ed\ncomo diversos actores sociales, ven\u00edan solicitando desde hace m\u00e1s de una\nsemana.<\/p>\n\n\n\n<p>\u201cEs valorable el anuncio de cuarentena para Punta Arenas, pero esperemos\nque no sea demasiado tarde\u201d dijo la parlamentaria, quien agreg\u00f3 que \u201cdesde hace\nm\u00e1s de una semana ven\u00edamos solicitando esta medida en atenci\u00f3n a la r\u00e1pida\nevoluci\u00f3n que advertimos en los casos confirmados\u201d, explic\u00f3.<\/p>\n\n\n\n<p>La senadora indic\u00f3 que, junto con esta medida, espera que de cara a lo que\nviene para la regi\u00f3n se contemple el apoyo correspondiente a los equipos\nm\u00e9dicos encargados de atender los efectos de esta pandemia en cuanto a contar\ncon los equipos y las medidas de protecci\u00f3n personal que se requieren.<\/p>\n\n\n\n<p>\u201cSe vienen d\u00edas de arduo trabajo para los hombres y mujeres de la salud en\nnuestra regi\u00f3n, tal cual ha ocurrido en todo el mundo y en esto yo har\u00e9 las\ngestiones necesarias para entregarles las mayores garant\u00edas de que contar\u00e1n con\ntodos los recursos necesarios y que tambi\u00e9n se resguardar\u00e1 su seguridad\npersonal ante el riesgo de contagio\u201d, dijo la legisladora.<\/p>\n\n\n\n<p><strong>Medidas Econ\u00f3micas<\/strong><\/p>\n\n\n\n<p>Asimismo, la legisladora hizo un fuerte llamado al Gobierno para que se\nimplementen medidas extraordinarias de apoyo econ\u00f3mico para toda la regi\u00f3n, en\nel entendio que la pandemia traer\u00e1 fuertes repercusiones en la econom\u00eda.<\/p>\n\n\n\n<p>\u201cSi el Gobierno quiere que la gente se quede en su casa para evitar el\ncontagio, tiene la obligaci\u00f3n de crear medidas econ\u00f3micas especiales que\npermitan a los trabajadores independientes o a quienes viven de un ingreso\ndiario, como los pescadores artesanales, contar con los recursos necesarios\npara su manutenci\u00f3n y de sus familias durante la emergencia sanitaria\u201d,\nconcluy\u00f3 la parlamentaria.<\/p>\n","protected":false},"excerpt":{"rendered":"<p>La senadora por Magallanes y la Ant\u00e1rtica Chilena, Carolina Goic, valor\u00f3 el anunci\u00f3 del Gobierno de decretar cuarentena a partir de ma\u00f1ana en Punta Arenas, tal como ella y el&#8230; <a class=\"read-more\" href=\"https:\/\/www.radiopresidenteibanez.cl\/web\/senadora-goic-valoro-cuarentena-decretada-para-punta-arenas-pero-solicito-medidas-de-apoyo-extraordinarias-para-la-toda-la-region\/\">Leer m\u00e1s<\/a><\/p>\n","protected":false},"author":2,"featured_media":5561,"comment_status":"closed","ping_status":"closed","sticky":false,"template":"","format":"standard","meta":{"footnotes":""},"categories":[1],"tags":[],"class_list":["post-10723","post","type-post","status-publish","format-standard","has-post-thumbnail","hentry","category-cronica"],"_links":{"self":[{"href":"https:\/\/www.radiopresidenteibanez.cl\/web\/wp-json\/wp\/v2\/posts\/10723","targetHints":{"allow":["GET"]}}],"collection":[{"href":"https:\/\/www.radiopresidenteibanez.cl\/web\/wp-json\/wp\/v2\/posts"}],"about":[{"href":"https:\/\/www.radiopresidenteibanez.cl\/web\/wp-json\/wp\/v2\/types\/post"}],"author":[{"embeddable":true,"href":"https:\/\/www.radiopresidenteibanez.cl\/web\/wp-json\/wp\/v2\/users\/2"}],"replies":[{"embeddable":true,"href":"https:\/\/www.radiopresidenteibanez.cl\/web\/wp-json\/wp\/v2\/comments?post=10723"}],"version-history":[{"count":0,"href":"https:\/\/www.radiopresidenteibanez.cl\/web\/wp-json\/wp\/v2\/posts\/10723\/revisions"}],"wp:featuredmedia":[{"embeddable":true,"href":"https:\/\/www.radiopresidenteibanez.cl\/web\/wp-json\/wp\/v2\/media\/5561"}],"wp:attachment":[{"href":"https:\/\/www.radiopresidenteibanez.cl\/web\/wp-json\/wp\/v2\/media?parent=10723"}],"wp:term":[{"taxonomy":"category","embeddable":true,"href":"https:\/\/www.radiopresidenteibanez.cl\/web\/wp-json\/wp\/v2\/categories?post=10723"},{"taxonomy":"post_tag","embeddable":true,"href":"https:\/\/www.radiopresidenteibanez.cl\/web\/wp-json\/wp\/v2\/tags?post=10723"}],"curies":[{"name":"wp","href":"https:\/\/api.w.org\/{rel}","templated":true}]}}