{"id":10721,"date":"2020-03-31T20:20:09","date_gmt":"2020-03-31T20:20:09","guid":{"rendered":"https:\/\/www.radiopresidenteibanez.cl\/web\/?p=10721"},"modified":"2020-03-31T20:20:14","modified_gmt":"2020-03-31T20:20:14","slug":"seremi-de-hacienda-informa-sobre-medidas-tributarias-ante-la-emergencia-y-el-inicio-de-operacion-renta-2020","status":"publish","type":"post","link":"https:\/\/www.radiopresidenteibanez.cl\/web\/seremi-de-hacienda-informa-sobre-medidas-tributarias-ante-la-emergencia-y-el-inicio-de-operacion-renta-2020\/","title":{"rendered":"SEREMI DE HACIENDA INFORMA SOBRE MEDIDAS TRIBUTARIAS ANTE LA EMERGENCIA Y EL INICIO DE OPERACI\u00d3N RENTA 2020"},"content":{"rendered":"\n<p>Las medidas se encuentran incorporadas en el plan econ\u00f3mico de emergencia\nque&nbsp; movilizar\u00e1 en los pr\u00f3ximos meses\nrecursos fiscales por hasta US$11.750 millones de d\u00f3lares, transform\u00e1ndose en\nun paquete de medidas econ\u00f3mico-social in\u00e9dito en la historia de Chile. El foco de las medidas tributarias es principalmente proteger\nlos ingresos familiares; los puestos de trabajo y a las empresas que los\ngeneran.<\/p>\n\n\n\n<p>La Seremi\nGarc\u00e9s enfatiz\u00f3 \u201cEs muy importante que las pymes y personas revisen las\ndeclaraciones propuestas por el servicio y puedan realizar lo antes posible\ndicho proceso para optar a la devoluci\u00f3n anticipada,los trabajadores\nindependientes y pymes que presenten su declaraci\u00f3n entre el 01 y 10 de abril,\npodr\u00e1n recibir su devoluci\u00f3n el d\u00eda 21 de Abril.En tanto, a las pymes que les\ncorresponda pago de impuestos ,podr\u00e1n postergar su pago hasta julio 2020\u201d.\nAdem\u00e1s realiz\u00f3 un llamado a generar las declaraciones en forma remota a trav\u00e9s\nde la p\u00e1gina del servicio o desde celulares descargando la app e-Renta de SII.<\/p>\n\n\n\n<p>Dentro de las\npricipales medidas anunciadas destacan:<\/p>\n\n\n\n<p>&nbsp;Suspensi\u00f3n de los pagos\nprovisionales mensuales (PPM) del impuesto a la renta de empresas por los\npr\u00f3ximos 3 meses. Esta medida permitir\u00e1 a 700 mil empresas disponer de m\u00e1s\nrecursos en su flujo de caja. Esto significa comprometer recursos por hasta US$\n2.400 millones de d\u00f3lares en los pr\u00f3ximos 3 meses. \u2028Postergaci\u00f3n del pago del IVA de los pr\u00f3ximos 3 meses para todas las\nempresas con ventas menores a UF 350.000, posibilitando su pago en 6 o 12\ncuotas mensuales a tasa de inter\u00e9s real cero, dependiendo de su tama\u00f1o. \u2028<\/p>\n\n\n\n<p>Anticipaci\u00f3n de la devoluci\u00f3n de impuesto a la\nrenta que corresponde a las PyMes: las empresas PYME recibir\u00e1n su devoluci\u00f3n en\nel mes de abril. Esto permitir\u00e1 entregar mayor liquidez a m\u00e1s de 500 mil\nempresas PYME (ventas hasta UF 75.000 anuales).<\/p>\n\n\n\n<p>Postergaci\u00f3n hasta julio de 2020 del pago de\nimpuesto a la renta de las Pymes de acuerdo a lo que declaren en la operaci\u00f3n\nrenta de abril. Postergaci\u00f3n pago de\ncontribuciones de abril para empresas con ventas inferiores a 350.000 UF y para\npersonas con propiedades con aval\u00fao fiscal inferior a $133 millones. La\ncontribuci\u00f3n postergada ser\u00e1 pagada en tres cuotas, junto con las siguientes\ntres cuotas de contribuci\u00f3n, con una tasa de inter\u00e9s real 0%. Por otro lado, todos\nlos gastos de las empresas asociados a enfrentar la contingencia sanitaria ser\u00e1n\naceptados como gasto tributario. \u2028<\/p>\n\n\n\n<p>Adem\u00e1s, se establece una reducci\u00f3n transitoria del impuesto timbre y estampillas a 0% para todas las\noperaciones de cr\u00e9dito durante los pr\u00f3ximos 6 meses. Esto reducir\u00e1 el costo de\nfinanciamiento para familias y empresas. <\/p>\n\n\n\n<p>La seremi Garc\u00e9s se\u00f1al\u00f3 \u201cOtra\nde las Medidas de alivio corresponden al tratamiento de deudas\ntributarias con la Tesorer\u00eda General de la Rep\u00fablica focalizadas en las Pymes y\npersonas de menores ingresos que permitir\u00e1 dar mayor flexibilidad para celebrar\nconvenios de pago de deuda tributarias con TGR, sin intereses, ni multas. \u2028todos los tr\u00e1mites de convenios podr\u00e1n ser desarrollarlos a trav\u00e9s de la\np\u00e1gina de tesorer\u00eda o la app habilitada para celulares, ingresando con su clave\nde TGR , clave \u00fanica o clave tributaria.<\/p>\n\n\n\n<p>Como medida especial y para dar una mejor atenci\u00f3n en\noperaci\u00f3n renta 2020, el SII de Magallanes a contar del d\u00eda 02 de abril,\ndispondr\u00e1 de los siguientes tel\u00e9fonos de atenci\u00f3n para resolver las inquietudes\nde los contribuyentes. +569 98493720,+56977902577,+56972187430,+56971791062,\nhorario de atenci\u00f3n para consultas ser\u00e1 ente las 09.00 y 13.00 horas.<\/p>\n","protected":false},"excerpt":{"rendered":"<p>Las medidas se encuentran incorporadas en el plan econ\u00f3mico de emergencia que&nbsp; movilizar\u00e1 en los pr\u00f3ximos meses recursos fiscales por hasta US$11.750 millones de d\u00f3lares, transform\u00e1ndose en un paquete de&#8230; <a class=\"read-more\" href=\"https:\/\/www.radiopresidenteibanez.cl\/web\/seremi-de-hacienda-informa-sobre-medidas-tributarias-ante-la-emergencia-y-el-inicio-de-operacion-renta-2020\/\">Leer m\u00e1s<\/a><\/p>\n","protected":false},"author":2,"featured_media":312,"comment_status":"closed","ping_status":"closed","sticky":false,"template":"","format":"standard","meta":{"footnotes":""},"categories":[1],"tags":[],"class_list":["post-10721","post","type-post","status-publish","format-standard","has-post-thumbnail","hentry","category-cronica"],"_links":{"self":[{"href":"https:\/\/www.radiopresidenteibanez.cl\/web\/wp-json\/wp\/v2\/posts\/10721","targetHints":{"allow":["GET"]}}],"collection":[{"href":"https:\/\/www.radiopresidenteibanez.cl\/web\/wp-json\/wp\/v2\/posts"}],"about":[{"href":"https:\/\/www.radiopresidenteibanez.cl\/web\/wp-json\/wp\/v2\/types\/post"}],"author":[{"embeddable":true,"href":"https:\/\/www.radiopresidenteibanez.cl\/web\/wp-json\/wp\/v2\/users\/2"}],"replies":[{"embeddable":true,"href":"https:\/\/www.radiopresidenteibanez.cl\/web\/wp-json\/wp\/v2\/comments?post=10721"}],"version-history":[{"count":0,"href":"https:\/\/www.radiopresidenteibanez.cl\/web\/wp-json\/wp\/v2\/posts\/10721\/revisions"}],"wp:featuredmedia":[{"embeddable":true,"href":"https:\/\/www.radiopresidenteibanez.cl\/web\/wp-json\/wp\/v2\/media\/312"}],"wp:attachment":[{"href":"https:\/\/www.radiopresidenteibanez.cl\/web\/wp-json\/wp\/v2\/media?parent=10721"}],"wp:term":[{"taxonomy":"category","embeddable":true,"href":"https:\/\/www.radiopresidenteibanez.cl\/web\/wp-json\/wp\/v2\/categories?post=10721"},{"taxonomy":"post_tag","embeddable":true,"href":"https:\/\/www.radiopresidenteibanez.cl\/web\/wp-json\/wp\/v2\/tags?post=10721"}],"curies":[{"name":"wp","href":"https:\/\/api.w.org\/{rel}","templated":true}]}}