{"id":10719,"date":"2020-03-31T20:15:31","date_gmt":"2020-03-31T20:15:31","guid":{"rendered":"https:\/\/www.radiopresidenteibanez.cl\/web\/?p=10719"},"modified":"2020-03-31T20:15:36","modified_gmt":"2020-03-31T20:15:36","slug":"sandra-amar-llama-a-afrontar-con-tranquilidad-decision-de-cuarentena-total","status":"publish","type":"post","link":"https:\/\/www.radiopresidenteibanez.cl\/web\/sandra-amar-llama-a-afrontar-con-tranquilidad-decision-de-cuarentena-total\/","title":{"rendered":"SANDRA AMAR LLAMA A AFRONTAR CON TRANQUILIDAD DECISI\u00d3N DE \u00abCUARENTENA TOTAL\u00bb"},"content":{"rendered":"\n<p>La diputada Sandra Amar dijo que la\ncuarentena total decretada es la soluci\u00f3n que se estaba esperando para combatir\nen cierta medida el avance del Covid-19. De esta manera, la parlamentaria\nmagall\u00e1nica se refiri\u00f3 a la medida adoptada por el Gobierno para la ciudad de\nPunta Arenas, la que comenzar\u00e1 a ser aplicada a partir de este mi\u00e9rcoles y\ndurante siete d\u00edas.<\/p>\n\n\n\n<p>Para Amar, hoy se puede cuestionar si\nhubo demasiada tardanza en adoptar la medida \u00abpero lo fundamental es que\nya est\u00e1 decretada por la seguridad de los habitantes de nuestra comuna y porque\nse ha entendido que el aislamiento es necesario para evitar la propagaci\u00f3n del\nvirus\u00bb.<\/p>\n\n\n\n<p>Agreg\u00f3 que \u00abel Gobierno y las\nautoridades de Salud hoy tienen una gran responsabilidad, tanto en las medidas\nque est\u00e1n adoptando, como en un tema que sigue siendo preocupante para los\nhabitantes de Magallanes, por lo que ahora debemos insistir para que se pueda\naplicar una cuarentena total en toda nuestra regi\u00f3n\u201d.<\/p>\n\n\n\n<p>La parlamentaria se\u00f1ala que dado lo\nanterior \u00abjunto a mis colegas parlamentarios hemos venido haciendo\ngestiones para que la adquisici\u00f3n de m\u00e1s equipos, lo que nos permitir\u00e1 afrentar\nla pandemia de mejor manera, entendiendo que en estos momentos no importan las\ndiferencias pol\u00edticas, esta pelea la tenemos que dar todos juntos y m\u00e1s unidos\nque nunca\u00bb<\/p>\n\n\n\n<p>Finalmente, Amar llam\u00f3 a la\nciudadan\u00eda de Punta Arenas a estar tranquilos \u00abentendiendo que esta es una\nmedida transitoria y que debe respetarse, tomar conciencia, cuidarse y cuidar a\nnuestros seres queridos tomando siempre el resguardo necesario. Si bien la\norden puede sonar estricta, tenemos que tener en claro que existen hay permisos\ntemporales especiales (se pueden adquirir en comisar\u00edas) y que lo que se\nconsidera de primera necesidad estar\u00e1 disponible para los ciudadanos como la\natenci\u00f3n de almacenes, farmacias y supermercados\u00bb.<\/p>\n","protected":false},"excerpt":{"rendered":"<p>La diputada Sandra Amar dijo que la cuarentena total decretada es la soluci\u00f3n que se estaba esperando para combatir en cierta medida el avance del Covid-19. De esta manera, la&#8230; <a class=\"read-more\" href=\"https:\/\/www.radiopresidenteibanez.cl\/web\/sandra-amar-llama-a-afrontar-con-tranquilidad-decision-de-cuarentena-total\/\">Leer m\u00e1s<\/a><\/p>\n","protected":false},"author":2,"featured_media":9509,"comment_status":"closed","ping_status":"closed","sticky":false,"template":"","format":"standard","meta":{"footnotes":""},"categories":[1],"tags":[],"class_list":["post-10719","post","type-post","status-publish","format-standard","has-post-thumbnail","hentry","category-cronica"],"_links":{"self":[{"href":"https:\/\/www.radiopresidenteibanez.cl\/web\/wp-json\/wp\/v2\/posts\/10719","targetHints":{"allow":["GET"]}}],"collection":[{"href":"https:\/\/www.radiopresidenteibanez.cl\/web\/wp-json\/wp\/v2\/posts"}],"about":[{"href":"https:\/\/www.radiopresidenteibanez.cl\/web\/wp-json\/wp\/v2\/types\/post"}],"author":[{"embeddable":true,"href":"https:\/\/www.radiopresidenteibanez.cl\/web\/wp-json\/wp\/v2\/users\/2"}],"replies":[{"embeddable":true,"href":"https:\/\/www.radiopresidenteibanez.cl\/web\/wp-json\/wp\/v2\/comments?post=10719"}],"version-history":[{"count":0,"href":"https:\/\/www.radiopresidenteibanez.cl\/web\/wp-json\/wp\/v2\/posts\/10719\/revisions"}],"wp:featuredmedia":[{"embeddable":true,"href":"https:\/\/www.radiopresidenteibanez.cl\/web\/wp-json\/wp\/v2\/media\/9509"}],"wp:attachment":[{"href":"https:\/\/www.radiopresidenteibanez.cl\/web\/wp-json\/wp\/v2\/media?parent=10719"}],"wp:term":[{"taxonomy":"category","embeddable":true,"href":"https:\/\/www.radiopresidenteibanez.cl\/web\/wp-json\/wp\/v2\/categories?post=10719"},{"taxonomy":"post_tag","embeddable":true,"href":"https:\/\/www.radiopresidenteibanez.cl\/web\/wp-json\/wp\/v2\/tags?post=10719"}],"curies":[{"name":"wp","href":"https:\/\/api.w.org\/{rel}","templated":true}]}}