{"id":1063,"date":"2019-02-04T15:45:41","date_gmt":"2019-02-04T15:45:41","guid":{"rendered":"http:\/\/www.radiopresidenteibanez.cl\/web\/?p=1063"},"modified":"2019-02-04T15:45:57","modified_gmt":"2019-02-04T15:45:57","slug":"este-fin-de-semana-aguas-magallanes-realizo-campana-informativa-sobre-buen-uso-del-alcantarillado","status":"publish","type":"post","link":"https:\/\/www.radiopresidenteibanez.cl\/web\/este-fin-de-semana-aguas-magallanes-realizo-campana-informativa-sobre-buen-uso-del-alcantarillado\/","title":{"rendered":"ESTE FIN DE SEMANA AGUAS MAGALLANES REALIZ\u00d3 CAMPA\u00d1A INFORMATIVA SOBRE BUEN USO DEL ALCANTARILLADO"},"content":{"rendered":"\n<p>Adem\u00e1s de disfrutar de las excelentes condiciones clim\u00e1ticas de este fin de semana, vecinos de Punta Arenas pudieron conocer importante informaci\u00f3n sobre los programas de mantenci\u00f3n preventiva y correctiva del alcantarillado, consejos pr\u00e1cticos y recomendaciones sobre el buen uso de esta infraestructura destinada a recolectar las aguas servidas de la ciudad.<\/p>\n\n\n\n<p>&nbsp;\u201cQuisimos &nbsp;llamar la atenci\u00f3n de la comunidad y por ello mostramos uno de los equipos recientemente adquiridos por la compa\u00f1\u00eda.&nbsp; Se trata de un cami\u00f3n combinado (Vactor), que viene a reforzar las tareas de limpieza de colectores. El equipo cuenta con el doble de capacidad de carga y mayor capacidad de succi\u00f3n\u201d, destac\u00f3 Eric Bascur Norambuena, gerente de Clientes de Aguas Magallanes.<\/p>\n\n\n\n<p>\u201cMuchas veces, nuestros clientes hacen un mal uso de estas redes al eliminar elementos que no forman parte del agua servida domiciliaria para la cual fueron dispuestas estas tuber\u00edas. Por ello, y para reforzar nuestra permanente campa\u00f1a de difusi\u00f3n, estuvimos entregando informaci\u00f3n a la comunidad en Zona Franca y &nbsp;en un sector de la costanera\u201d, inform\u00f3 Norambuena.<\/p>\n\n\n\n<p>El ejecutivo reiter\u00f3 que esta infraestructura no es un basurero. \u201cLas obstrucciones da\u00f1an no s\u00f3lo a quienes las producen, sino tambi\u00e9n a su entorno inmediato, es decir a otros vecinos del sector y los espacios comunes de la ciudad, generando malos olores, y posibles afloramientos de aguas servidas en la v\u00eda p\u00fablica. \u201cHabitualmente, retiramos de las redes de alcantarillado elementos pl\u00e1sticos, neum\u00e1ticos, arena, bolsas de basura, palos, pa\u00f1ales, etc. Esta infraestructura en forma de red subterr\u00e1nea es esencial para cuidar la salud de las personas y el entorno, por ello, cuidar el alcantarillado es tarea de todos\u201d, destac\u00f3.<\/p>\n","protected":false},"excerpt":{"rendered":"<p>Adem\u00e1s de disfrutar de las excelentes condiciones clim\u00e1ticas de este fin de semana, vecinos de Punta Arenas pudieron conocer importante informaci\u00f3n sobre los programas de mantenci\u00f3n preventiva y correctiva del&#8230; <a class=\"read-more\" href=\"https:\/\/www.radiopresidenteibanez.cl\/web\/este-fin-de-semana-aguas-magallanes-realizo-campana-informativa-sobre-buen-uso-del-alcantarillado\/\">Leer m\u00e1s<\/a><\/p>\n","protected":false},"author":2,"featured_media":1064,"comment_status":"closed","ping_status":"closed","sticky":false,"template":"","format":"standard","meta":{"footnotes":""},"categories":[1],"tags":[],"class_list":["post-1063","post","type-post","status-publish","format-standard","has-post-thumbnail","hentry","category-cronica"],"_links":{"self":[{"href":"https:\/\/www.radiopresidenteibanez.cl\/web\/wp-json\/wp\/v2\/posts\/1063","targetHints":{"allow":["GET"]}}],"collection":[{"href":"https:\/\/www.radiopresidenteibanez.cl\/web\/wp-json\/wp\/v2\/posts"}],"about":[{"href":"https:\/\/www.radiopresidenteibanez.cl\/web\/wp-json\/wp\/v2\/types\/post"}],"author":[{"embeddable":true,"href":"https:\/\/www.radiopresidenteibanez.cl\/web\/wp-json\/wp\/v2\/users\/2"}],"replies":[{"embeddable":true,"href":"https:\/\/www.radiopresidenteibanez.cl\/web\/wp-json\/wp\/v2\/comments?post=1063"}],"version-history":[{"count":0,"href":"https:\/\/www.radiopresidenteibanez.cl\/web\/wp-json\/wp\/v2\/posts\/1063\/revisions"}],"wp:featuredmedia":[{"embeddable":true,"href":"https:\/\/www.radiopresidenteibanez.cl\/web\/wp-json\/wp\/v2\/media\/1064"}],"wp:attachment":[{"href":"https:\/\/www.radiopresidenteibanez.cl\/web\/wp-json\/wp\/v2\/media?parent=1063"}],"wp:term":[{"taxonomy":"category","embeddable":true,"href":"https:\/\/www.radiopresidenteibanez.cl\/web\/wp-json\/wp\/v2\/categories?post=1063"},{"taxonomy":"post_tag","embeddable":true,"href":"https:\/\/www.radiopresidenteibanez.cl\/web\/wp-json\/wp\/v2\/tags?post=1063"}],"curies":[{"name":"wp","href":"https:\/\/api.w.org\/{rel}","templated":true}]}}