{"id":10602,"date":"2020-03-27T01:23:54","date_gmt":"2020-03-27T01:23:54","guid":{"rendered":"https:\/\/www.radiopresidenteibanez.cl\/web\/?p=10602"},"modified":"2020-03-27T01:23:58","modified_gmt":"2020-03-27T01:23:58","slug":"anef-magallanes-propone-protocolo-preventivo-covid-19","status":"publish","type":"post","link":"https:\/\/www.radiopresidenteibanez.cl\/web\/anef-magallanes-propone-protocolo-preventivo-covid-19\/","title":{"rendered":"ANEF MAGALLANES PROPONE PROTOCOLO PREVENTIVO COVID-19"},"content":{"rendered":"\n<p><strong>Se\u00f1or<\/strong><\/p>\n\n\n\n<p><strong>Intendente\nRegional de Magallanes y Ant\u00e1rtica Chilena<\/strong><\/p>\n\n\n\n<p><strong>Jos\u00e9\nFern\u00e1ndez Dubrock<\/strong><\/p>\n\n\n\n<p><strong>Presente <\/strong><\/p>\n\n\n\n<p>Como Directiva del Consejo\nRegional de <strong>ANEF Magallanes y Ant\u00e1rtica\nChilena<\/strong>, nos dirigimos a usted, para proponer la implementaci\u00f3n de un\nPROTOCOLO DE PREVENCI\u00d3N regional, ante la permanente exposici\u00f3n al contagio\ndel COVID-19, a la que est\u00e1n sujetos las y los funcionarios de los Servicios de\nla Direcci\u00f3n Regional de Aduanas, Servicio Agr\u00edcola y Ganadero, entre otros, quienes\nse encuentran en la primera l\u00ednea de acceso a la regi\u00f3n, tanto en complejos\nfronterizos, como aeropuertos &nbsp;y los\ndiferentes puertos.<\/p>\n\n\n\n<p>Hemos constatado que las y los\nfuncionarios de las instituciones mencionadas, se encuentran desempe\u00f1ando sus\nfunciones habituales con medidas insuficientes de prevenci\u00f3n, provistas hasta\nla fecha por las respectivas jefaturas de esos Servicios, por lo cual las y los\nfuncionarios est\u00e1n asumiendo riesgos importantes de contagio, con ocasi\u00f3n de su\ntrabajo diario.<\/p>\n\n\n\n<p>Por lo anterior, hemos considerado\nimperativo que se instruya la adopci\u00f3n de un protocolo m\u00ednimo y estandarizado, para\ntodos estos Servicios y otros a los que pudiera corresponder, de acuerdo a la\nnaturaleza de sus funciones. &nbsp;Esperamos\nse comprenda, que el presente requerimiento, trasciende con creces el concepto\nde un \u201cpetitorio\u201d.<\/p>\n\n\n\n<p>Se adjunta una propuesta que\nhemos elaborado con la colaboraci\u00f3n de la dirigencia sindical, tanto de las\nasociaciones afiliadas a la ANEF regional, como de algunos gremios de la Salud,\nquienes nos han asesorado en aspectos m\u00e1s t\u00e9cnicos.<\/p>\n\n\n\n<p>Finalmente, hacemos propicia la\npresente comunicaci\u00f3n para reiterar, lo que ya hemos expresado con\nanterioridad, y que tambi\u00e9n han solicitado varios sectores como los gremios de\nla Salud, el Colegio M\u00e9dico, y otros: Es urgente, que se decrete la\ncuarentena total regional, para as\u00ed disminuir la tasa de contagios y evitar\nsituaciones que despu\u00e9s vayamos a lamentar.&nbsp;\nEl tiempo es ahora, y esperamos que como m\u00e1xima autoridad regional,\nusted pueda realizar las gestiones necesarias ante el gobierno central, y de esta\nforma velar por la integridad, la salud y la vida de las personas.<\/p>\n\n\n\n<p>A la espera de una favorable\nrespuesta a lo planteado.<\/p>\n\n\n\n<p>Atentamente,<\/p>\n\n\n\n<p><strong>DORIS\nSANDOVAL MIRANDA<\/strong><\/p>\n\n\n\n<p><strong>PRESIDENTA\nREGIONAL ANEF MAGALLANES<\/strong><\/p>\n\n\n\n<p>Distribuci\u00f3n:<\/p>\n\n\n\n<ul class=\"wp-block-list\"><li>Intendente Regional Magallanes y Ant. Chilena,\nJ. Fern\u00e1ndez D.<\/li><li>Sec. Reg. Min. de Salud Magallanes y Ant.\nChilena, M. Rojas R.<\/li><li>Director Servicio de Salud Magallanes, Nelson\nReyes S.<\/li><li>Director Regional de SAG, Gerardo Otzen M.<\/li><li>Director Regional de ADUANAS. Rodolfo Valenzuela\nS.<\/li><li>Director Hospital Cl\u00ednico Magallanes, R.\nContreras F.<\/li><li>Presidente Nacional ANEF, J. P\u00e9rez D.<\/li><li>Presidente Regional Colegio M\u00e9dico Sede\nMagallanes, G. S\u00e1ez T.<\/li><li>ANFACH regional<\/li><li>ANFDGAC regional<\/li><li>AFSAG regional<\/li><li>Archivo ANEF Magallanes y Ant\u00e1rtica Chilena<\/li><\/ul>\n","protected":false},"excerpt":{"rendered":"<p>Se\u00f1or Intendente Regional de Magallanes y Ant\u00e1rtica Chilena Jos\u00e9 Fern\u00e1ndez Dubrock Presente Como Directiva del Consejo Regional de ANEF Magallanes y Ant\u00e1rtica Chilena, nos dirigimos a usted, para proponer la&#8230; <a class=\"read-more\" href=\"https:\/\/www.radiopresidenteibanez.cl\/web\/anef-magallanes-propone-protocolo-preventivo-covid-19\/\">Leer m\u00e1s<\/a><\/p>\n","protected":false},"author":2,"featured_media":7500,"comment_status":"closed","ping_status":"closed","sticky":false,"template":"","format":"standard","meta":{"footnotes":""},"categories":[1],"tags":[],"class_list":["post-10602","post","type-post","status-publish","format-standard","has-post-thumbnail","hentry","category-cronica"],"_links":{"self":[{"href":"https:\/\/www.radiopresidenteibanez.cl\/web\/wp-json\/wp\/v2\/posts\/10602","targetHints":{"allow":["GET"]}}],"collection":[{"href":"https:\/\/www.radiopresidenteibanez.cl\/web\/wp-json\/wp\/v2\/posts"}],"about":[{"href":"https:\/\/www.radiopresidenteibanez.cl\/web\/wp-json\/wp\/v2\/types\/post"}],"author":[{"embeddable":true,"href":"https:\/\/www.radiopresidenteibanez.cl\/web\/wp-json\/wp\/v2\/users\/2"}],"replies":[{"embeddable":true,"href":"https:\/\/www.radiopresidenteibanez.cl\/web\/wp-json\/wp\/v2\/comments?post=10602"}],"version-history":[{"count":0,"href":"https:\/\/www.radiopresidenteibanez.cl\/web\/wp-json\/wp\/v2\/posts\/10602\/revisions"}],"wp:featuredmedia":[{"embeddable":true,"href":"https:\/\/www.radiopresidenteibanez.cl\/web\/wp-json\/wp\/v2\/media\/7500"}],"wp:attachment":[{"href":"https:\/\/www.radiopresidenteibanez.cl\/web\/wp-json\/wp\/v2\/media?parent=10602"}],"wp:term":[{"taxonomy":"category","embeddable":true,"href":"https:\/\/www.radiopresidenteibanez.cl\/web\/wp-json\/wp\/v2\/categories?post=10602"},{"taxonomy":"post_tag","embeddable":true,"href":"https:\/\/www.radiopresidenteibanez.cl\/web\/wp-json\/wp\/v2\/tags?post=10602"}],"curies":[{"name":"wp","href":"https:\/\/api.w.org\/{rel}","templated":true}]}}