{"id":10596,"date":"2020-03-27T01:15:02","date_gmt":"2020-03-27T01:15:02","guid":{"rendered":"https:\/\/www.radiopresidenteibanez.cl\/web\/?p=10596"},"modified":"2020-03-27T01:15:09","modified_gmt":"2020-03-27T01:15:09","slug":"epaustral-informa-situacion-en-sus-terminales-y-rampas-de-conectividad-26-de-marzo-2020","status":"publish","type":"post","link":"https:\/\/www.radiopresidenteibanez.cl\/web\/epaustral-informa-situacion-en-sus-terminales-y-rampas-de-conectividad-26-de-marzo-2020\/","title":{"rendered":"EPAUSTRAL INFORMA SITUACI\u00d3N EN SUS TERMINALES Y RAMPAS DE CONECTIVIDAD &#8211; 26 de marzo, 2020"},"content":{"rendered":"\n<p>La Empresa Portuaria Austral informa que sus terminales y rampas&nbsp;contin\u00faan prestando servicios&nbsp;conforme a lo programado. Esto, con el fin de asegurar el tr\u00e1fico continuo de carga y abastecimiento, adem\u00e1s de garantizar la conectividad al interior de la Regi\u00f3n de Magallanes y Ant\u00e1rtica Chilena.<\/p>\n\n\n\n<p>Durante esta jornada, se registr\u00f3 en el<strong>&nbsp;Terminal Arturo Prat<\/strong>&nbsp;el desembarco de la tripulaci\u00f3n de los cruceros Stella Australis y Ventus Australis, naves que posteriormente zarparon para mantenerse a la gira. Asimismo, se realizaron faenas vinculadas a la industria acu\u00edcola.<\/p>\n\n\n\n<p>En el&nbsp;<strong>Terminal Jos\u00e9 de los Santos Mardones<\/strong>&nbsp;se realizaron actividades vinculadas a la industria acu\u00edcola y operaci\u00f3n normal en patio de carga. Para esta noche est\u00e1 programado el arribo de la MN Copihue, que realizar\u00e1 operaciones de descarga de contenedores de abastecimiento para la regi\u00f3n (alimentos, entre otros).<\/p>\n\n\n\n<p>En tanto, en el&nbsp;<strong>Terminal Natales&nbsp;<\/strong>se registr\u00f3 actividad normal asociada a la industria acu\u00edcola. Para este viernes 27 de marzo se espera el arribo del ferry Evangelistas.<\/p>\n\n\n\n<p><strong>Rampas<\/strong><\/p>\n\n\n\n<p>Durante la jornada del 26 de marzo en la rampa Costanera de&nbsp;<strong>Puerto Natales<\/strong>&nbsp;se realizaron operaciones vinculadas a la industria acu\u00edcola, las que se espera contin\u00faen este viernes 27 de marzo.&nbsp;<\/p>\n\n\n\n<p>No se registraron operaciones de conectividad en las rampas&nbsp;<strong>Tres Puentes&nbsp;<\/strong>y&nbsp;<strong>Bah\u00eda Chilota,&nbsp;<\/strong>pero s\u00ed actividadesvinculadas a la industria acu\u00edcola<strong>.<\/strong>&nbsp;En rampa Tres Puentes se realizaron, adem\u00e1s, faenas de abastecimiento al ferry Yaghan que iniciar\u00e1 viaje rumbo a Puerto Williams.<\/p>\n\n\n\n<p>Si bien no se registr\u00f3 actividad en la rampa&nbsp;<strong>Puerto Williams,&nbsp;<\/strong>esta se mantiene operativa para faenas de carga, de manera de asegurar el abastecimiento de isla Navarino.<\/p>\n\n\n\n<p>Epaustral recuerda que est\u00e1n suspendidas las atenciones presenciales en sus oficinas centrales (Edificio de Administraci\u00f3n), manteni\u00e9ndose \u00fanicamente el sistema de acreditaciones v\u00eda correo (<a href=\"mailto:acreditaciones@epaustral.cl\" target=\"_blank\" rel=\"noreferrer noopener\">acreditaciones@epaustral.cl<\/a>).&nbsp; Para temas relacionados con el \u00c1rea Operaciones, el contacto es&nbsp;<a href=\"mailto:mmansilla@epaustral.cl\" target=\"_blank\" rel=\"noreferrer noopener\">mmansilla@epaustral.cl<\/a>, para el \u00c1rea Finanzas,&nbsp;<a href=\"mailto:ialvarado@epaustral.cl\" target=\"_blank\" rel=\"noreferrer noopener\">ialvarado@epaustral.cl<\/a>. El tel\u00e9fono de contacto +569 99187761 permanece habilitado para consultas generales.<\/p>\n","protected":false},"excerpt":{"rendered":"<p>La Empresa Portuaria Austral informa que sus terminales y rampas&nbsp;contin\u00faan prestando servicios&nbsp;conforme a lo programado. Esto, con el fin de asegurar el tr\u00e1fico continuo de carga y abastecimiento, adem\u00e1s de&#8230; <a class=\"read-more\" href=\"https:\/\/www.radiopresidenteibanez.cl\/web\/epaustral-informa-situacion-en-sus-terminales-y-rampas-de-conectividad-26-de-marzo-2020\/\">Leer m\u00e1s<\/a><\/p>\n","protected":false},"author":2,"featured_media":10597,"comment_status":"closed","ping_status":"closed","sticky":false,"template":"","format":"standard","meta":{"footnotes":""},"categories":[1],"tags":[],"class_list":["post-10596","post","type-post","status-publish","format-standard","has-post-thumbnail","hentry","category-cronica"],"_links":{"self":[{"href":"https:\/\/www.radiopresidenteibanez.cl\/web\/wp-json\/wp\/v2\/posts\/10596","targetHints":{"allow":["GET"]}}],"collection":[{"href":"https:\/\/www.radiopresidenteibanez.cl\/web\/wp-json\/wp\/v2\/posts"}],"about":[{"href":"https:\/\/www.radiopresidenteibanez.cl\/web\/wp-json\/wp\/v2\/types\/post"}],"author":[{"embeddable":true,"href":"https:\/\/www.radiopresidenteibanez.cl\/web\/wp-json\/wp\/v2\/users\/2"}],"replies":[{"embeddable":true,"href":"https:\/\/www.radiopresidenteibanez.cl\/web\/wp-json\/wp\/v2\/comments?post=10596"}],"version-history":[{"count":0,"href":"https:\/\/www.radiopresidenteibanez.cl\/web\/wp-json\/wp\/v2\/posts\/10596\/revisions"}],"wp:featuredmedia":[{"embeddable":true,"href":"https:\/\/www.radiopresidenteibanez.cl\/web\/wp-json\/wp\/v2\/media\/10597"}],"wp:attachment":[{"href":"https:\/\/www.radiopresidenteibanez.cl\/web\/wp-json\/wp\/v2\/media?parent=10596"}],"wp:term":[{"taxonomy":"category","embeddable":true,"href":"https:\/\/www.radiopresidenteibanez.cl\/web\/wp-json\/wp\/v2\/categories?post=10596"},{"taxonomy":"post_tag","embeddable":true,"href":"https:\/\/www.radiopresidenteibanez.cl\/web\/wp-json\/wp\/v2\/tags?post=10596"}],"curies":[{"name":"wp","href":"https:\/\/api.w.org\/{rel}","templated":true}]}}