{"id":10591,"date":"2020-03-27T01:06:59","date_gmt":"2020-03-27T01:06:59","guid":{"rendered":"https:\/\/www.radiopresidenteibanez.cl\/web\/?p=10591"},"modified":"2020-03-27T01:07:07","modified_gmt":"2020-03-27T01:07:07","slug":"alcalde-de-natales-asume-la-presidencia-de-la-asociacion-chilena-de-municipalidades","status":"publish","type":"post","link":"https:\/\/www.radiopresidenteibanez.cl\/web\/alcalde-de-natales-asume-la-presidencia-de-la-asociacion-chilena-de-municipalidades\/","title":{"rendered":"ALCALDE DE NATALES ASUME LA PRESIDENCIA DE LA ASOCIACI\u00d3N CHILENA DE MUNICIPALIDADES"},"content":{"rendered":"\n<p>Un hist\u00f3rico momento vivi\u00f3 el\nmunicipalismo chileno el d\u00eda de hoy, por primera vez en sus 26 a\u00f1os de\nexistencia asumi\u00f3 la presidencia de la Asociaci\u00f3n Chilena de Municipalidades un\nalcalde de zonas extremas, se trata del alcalde de Natales, Fernando Paredes\nMansilla quien asumi\u00f3 mediante una videoconferencia, producto de la emergencia\nsanitaria. <\/p>\n\n\n\n<p>Tras un acuerdo un\u00e1nime del\nDirectorio Nacional de la Asociaci\u00f3n, el alcalde Germ\u00e1n Codina dej\u00f3 su cargo,\nasumiendo el alcalde de Natales, quien ser\u00e1 el encargado de representar a m\u00e1s\nde 320 municipios del pa\u00eds, frente a organismos p\u00fablicos, privados, regionales,\nnacionales e internacionales.<\/p>\n\n\n\n<p>Despu\u00e9s de exponer frente al\ndirectorio, la m\u00e1xima autoridad comunal, destac\u00f3 que est\u00e1 al frente de un gran\ndesaf\u00edo. \u201cEl asumir la presidencia de la Asociaci\u00f3n Chilena de Municipalidades,\nque aglutina pr\u00e1cticamente a todos los municipios de nuestro pa\u00eds, y poder\nhacerlo ac\u00e1 en Puerto Natales a trav\u00e9s de videoconferencia, claramente otorga\nelementos y condimentos que hacen que esta asunci\u00f3n sea aparte de in\u00e9dita, algo\nbien especial\u201d.<\/p>\n\n\n\n<p>Asimismo, el nuevo presidente de\nla Asociaci\u00f3n, se\u00f1al\u00f3 que con esto se est\u00e1 dando una se\u00f1al para romper el\ncentralismo, \u201cpor muchos a\u00f1os un alcalde de regiones no lideraba la presidencia\nde una asociaci\u00f3n nacional de municipalidades como lo es la Asociaci\u00f3n Chilena\nde Municipalidades, y siento que ah\u00ed tengo una tremenda responsabilidad, pero tambi\u00e9n\nun tremendo desaf\u00edo, que es poder instalar y colocar temas desde las regiones y\nque tengan una gravitaci\u00f3n a nivel nacional\u201d, dijo Fernando Paredes.<\/p>\n\n\n\n<p>Una de sus primeras labores como\npresidente ser\u00e1 participar en la \u201cMesa Social Covid-19\u201d a trav\u00e9s de una\nvideoconferencia, la que contar\u00e1 con la participaci\u00f3n de ministros de Estado y\nel Presidente de la Rep\u00fablica.<\/p>\n\n\n\n<p>La Asociaci\u00f3n Chilena de\nMunicipalidades busca defender el inter\u00e9s de los municipios en pos de la\ndescentralizaci\u00f3n, buscando mayores formas de financiamiento y fomentando &nbsp;el mejoramiento y modernizaci\u00f3n de la gesti\u00f3n\nmunicipal en el pa\u00eds.<\/p>\n","protected":false},"excerpt":{"rendered":"<p>Un hist\u00f3rico momento vivi\u00f3 el municipalismo chileno el d\u00eda de hoy, por primera vez en sus 26 a\u00f1os de existencia asumi\u00f3 la presidencia de la Asociaci\u00f3n Chilena de Municipalidades un&#8230; <a class=\"read-more\" href=\"https:\/\/www.radiopresidenteibanez.cl\/web\/alcalde-de-natales-asume-la-presidencia-de-la-asociacion-chilena-de-municipalidades\/\">Leer m\u00e1s<\/a><\/p>\n","protected":false},"author":2,"featured_media":10592,"comment_status":"closed","ping_status":"closed","sticky":false,"template":"","format":"standard","meta":{"footnotes":""},"categories":[1],"tags":[],"class_list":["post-10591","post","type-post","status-publish","format-standard","has-post-thumbnail","hentry","category-cronica"],"_links":{"self":[{"href":"https:\/\/www.radiopresidenteibanez.cl\/web\/wp-json\/wp\/v2\/posts\/10591","targetHints":{"allow":["GET"]}}],"collection":[{"href":"https:\/\/www.radiopresidenteibanez.cl\/web\/wp-json\/wp\/v2\/posts"}],"about":[{"href":"https:\/\/www.radiopresidenteibanez.cl\/web\/wp-json\/wp\/v2\/types\/post"}],"author":[{"embeddable":true,"href":"https:\/\/www.radiopresidenteibanez.cl\/web\/wp-json\/wp\/v2\/users\/2"}],"replies":[{"embeddable":true,"href":"https:\/\/www.radiopresidenteibanez.cl\/web\/wp-json\/wp\/v2\/comments?post=10591"}],"version-history":[{"count":0,"href":"https:\/\/www.radiopresidenteibanez.cl\/web\/wp-json\/wp\/v2\/posts\/10591\/revisions"}],"wp:featuredmedia":[{"embeddable":true,"href":"https:\/\/www.radiopresidenteibanez.cl\/web\/wp-json\/wp\/v2\/media\/10592"}],"wp:attachment":[{"href":"https:\/\/www.radiopresidenteibanez.cl\/web\/wp-json\/wp\/v2\/media?parent=10591"}],"wp:term":[{"taxonomy":"category","embeddable":true,"href":"https:\/\/www.radiopresidenteibanez.cl\/web\/wp-json\/wp\/v2\/categories?post=10591"},{"taxonomy":"post_tag","embeddable":true,"href":"https:\/\/www.radiopresidenteibanez.cl\/web\/wp-json\/wp\/v2\/tags?post=10591"}],"curies":[{"name":"wp","href":"https:\/\/api.w.org\/{rel}","templated":true}]}}