{"id":1059,"date":"2019-02-04T15:39:04","date_gmt":"2019-02-04T15:39:04","guid":{"rendered":"http:\/\/www.radiopresidenteibanez.cl\/web\/?p=1059"},"modified":"2019-02-04T15:39:11","modified_gmt":"2019-02-04T15:39:11","slug":"programa-leo-primero-por-chile-promovera-lectura-durante-febrero","status":"publish","type":"post","link":"https:\/\/www.radiopresidenteibanez.cl\/web\/programa-leo-primero-por-chile-promovera-lectura-durante-febrero\/","title":{"rendered":"PROGRAMA \u201cLEO PRIMERO POR CHILE\u201d PROMOVER\u00c1 LECTURA DURANTE FEBRERO"},"content":{"rendered":"\n<p>En el marco del Plan Leo Primero, el Ministerio de Educaci\u00f3n impulsar\u00e1 durante febrero de 2019 la iniciativa Leo Primero por Chile, que consiste en implementar biblioteca m\u00f3vil, para incentivar que los ni\u00f1os y sus familias consideren la lectura como un panorama para disfrutar de las vacaciones.<\/p>\n\n\n\n<p>As\u00ed lo inform\u00f3 la Ministra de Educaci\u00f3n, Marcela Cubillos, al lanzar la nueva iniciativa ministerial que permitir\u00e1 poner en marcha 2 stand m\u00f3viles que recorrer\u00e1n 51 destinos del pa\u00eds. \u201cQueremos que, durante el verano, los ni\u00f1os y ni\u00f1as de todo Chile conozcan la Biblioteca Digital Escolar d\u00f3nde podr\u00e1n descargar de forma gratuita, m\u00e1s de 3000 libros disponibles en la plataforma\u201d, dijo la autoridad.<\/p>\n\n\n\n<p>Esta acci\u00f3n considera dos stands m\u00f3viles que podr\u00e1n habilitarse como espacios de lectura y para la realizaci\u00f3n de otras actividades de fomento lector, acercando los libros a los ni\u00f1os en el lugar donde se encuentren disfrutando del verano.<\/p>\n\n\n\n<p>Los stands m\u00f3viles recorrer\u00e1n durante febrero, en dos viajes simult\u00e1neos, ciudades y playas de 13 regiones del pa\u00eds. Mientras el veh\u00edculo apostado en Algarrobo viajar\u00e1 hacia el norte, el segundo, lo har\u00e1 hacia el sur de Chile. Entre ambos trayectos sumar\u00e1n m\u00e1s de 4.000 kil\u00f3metros de recorrido.<\/p>\n\n\n\n<p>Las regiones visitadas ser\u00e1n Valpara\u00edso, Coquimbo, Atacama, Antofagasta, Tarapac\u00e1 y Arica y Parinacota; mientras que el recorrido al sur considera O`Higgins, Maule, Biob\u00edo, Los R\u00edos y Los Lagos.<\/p>\n\n\n\n<p>De este modo, dijo la Ministra Cubillos, \u201cLeo primero por Chile\u201d fomentar\u00e1 la lectura en ni\u00f1os y sus familias durante la \u00e9poca de vacaciones, ello a trav\u00e9s de dos bibliotecas m\u00f3viles habilitadas como espacios de lectura y que adem\u00e1s ser\u00e1n escenario de jornadas de cuenta cuentos desde Arica hasta Los Lagos.<\/p>\n\n\n\n<p><strong>Sobre el plan Leo Primero<\/strong><\/p>\n\n\n\n<p>En noviembre de 2018, el Ministerio de Educaci\u00f3n present\u00f3 el Plan de Lectura \u201cLeo Primero\u201d, cuyo objetivo es que todos los ni\u00f1os del pa\u00eds aprendan a leer en primero b\u00e1sico. Se estima que 158 mil ni\u00f1os pasan a segundo b\u00e1sico sin lograr un nivel adecuado de lectura.<\/p>\n\n\n\n<p>Dentro de las iniciativas desarrolladas para enfrentar esta situaci\u00f3n, el Mineduc cre\u00f3 la biblioteca digital escolar que actualmente cuenta con m\u00e1s de 3.000 t\u00edtulos disponibles de forma gratuita para alumnos, padres, apoderados y docentes de establecimientos municipales y particulares subvencionados, quienes pueden acceder a estos contenidos, ingresando con el RUT del alumno o profesor. Cabe destacar que para 2021 se espera que el 100% de los establecimientos educacionales cuente con una biblioteca digital.<\/p>\n\n\n\n<p>El Plan Leo Primero contiene seis medidas concretas que apunta a mejorar el nivel de lectura:<\/p>\n\n\n\n<ul class=\"wp-block-list\"><li><strong>4.000 t\u00edtulos disponibles en nueva biblioteca digital escolar.<\/strong><\/li><\/ul>\n\n\n\n<p>Permite acceder a todos los alumnos, padres, apoderados y docentes de establecimientos municipales y particulares subvencionados a m\u00e1s de 4.000 t\u00edtulos digitales disponibles, ingresando a trav\u00e9s del RUT del alumno o RUT del profesor. Esta medida cubre 9.375 establecimientos y 2.940.900 alumnos de todos los niveles (100%)<\/p>\n\n\n\n<ul class=\"wp-block-list\"><li><strong>El 100% de los establecimientos tendr\u00e1n una biblioteca al 2021.<\/strong><\/li><\/ul>\n\n\n\n<p>Esta acci\u00f3n incluye a los establecimientos municipales y particulares subvencionados y se espera cubrir a los 270 colegios que no cuentan con bibliotecas al 2021. En marzo de 23019 comienza la implementaci\u00f3n de las primeras 90 bibliotecas<\/p>\n\n\n\n<ul class=\"wp-block-list\"><li><strong>Entrega del set #LeoPrimero con textos y material gr\u00e1fico.<\/strong><\/li><\/ul>\n\n\n\n<p>Esta medida incluye herramientas para aprender a leer, que se entregar\u00e1n a cada curso de Primero B\u00e1sico, con textos y material gr\u00e1fico para los ni\u00f1os y&nbsp;<strong>formaci\u00f3n virtual para docentes.&nbsp;<\/strong>Los sets se distribuir\u00e1n desde marzo y se espera alcanzar una cobertura: 200.000 ni\u00f1os de primero b\u00e1sico.<\/p>\n\n\n\n<ul class=\"wp-block-list\"><li><strong>Apoyo pedag\u00f3gico y acompa\u00f1amiento para aprender a leer a escuelas con bajo rendimiento<\/strong><\/li><\/ul>\n\n\n\n<p>Est\u00e1 dirigido a escuelas insuficientes y medio-bajo, a trav\u00e9s de los programas Primero Lee y Araucan\u00eda Aprende, con una cobertura de 480 establecimientos.<\/p>\n\n\n\n<ul class=\"wp-block-list\"><li><strong>Capacitaci\u00f3n a docentes de Primero B\u00e1sico en m\u00e9todos de lectura.<\/strong><\/li><\/ul>\n\n\n\n<p>Se trata de un curso semi-presencial con plataforma de apoyo virtual, que partir\u00e1 en marzo y cubrir\u00e1 a 1.170 docentes de primero b\u00e1sico de escuelas de bajo desempe\u00f1o.<\/p>\n\n\n\n<ul class=\"wp-block-list\"><li><strong>Directivos y sus equipos tendr\u00e1n acceso a un fondo especial para implementar estrategias de desarrollo lector.<\/strong><\/li><\/ul>\n\n\n\n<p>Este fondo alcanzar\u00e1 para 200 establecimientos y 1000 directivos anualmente.<\/p>\n\n\n\n<p>Para m\u00e1s informaci\u00f3n sobre la campa\u00f1a \u201cLeo primero por Chile\u201d y el itinerario de las dos bibliotecas m\u00f3viles, visita las redes sociales de Mineduc. En Facebook encu\u00e9ntranos como Ministerio de Educaci\u00f3n y en Twitter como @mineduc.<\/p>\n","protected":false},"excerpt":{"rendered":"<p>En el marco del Plan Leo Primero, el Ministerio de Educaci\u00f3n impulsar\u00e1 durante febrero de 2019 la iniciativa Leo Primero por Chile, que consiste en implementar biblioteca m\u00f3vil, para incentivar&#8230; <a class=\"read-more\" href=\"https:\/\/www.radiopresidenteibanez.cl\/web\/programa-leo-primero-por-chile-promovera-lectura-durante-febrero\/\">Leer m\u00e1s<\/a><\/p>\n","protected":false},"author":2,"featured_media":1060,"comment_status":"closed","ping_status":"closed","sticky":false,"template":"","format":"standard","meta":{"footnotes":""},"categories":[1],"tags":[],"class_list":["post-1059","post","type-post","status-publish","format-standard","has-post-thumbnail","hentry","category-cronica"],"_links":{"self":[{"href":"https:\/\/www.radiopresidenteibanez.cl\/web\/wp-json\/wp\/v2\/posts\/1059","targetHints":{"allow":["GET"]}}],"collection":[{"href":"https:\/\/www.radiopresidenteibanez.cl\/web\/wp-json\/wp\/v2\/posts"}],"about":[{"href":"https:\/\/www.radiopresidenteibanez.cl\/web\/wp-json\/wp\/v2\/types\/post"}],"author":[{"embeddable":true,"href":"https:\/\/www.radiopresidenteibanez.cl\/web\/wp-json\/wp\/v2\/users\/2"}],"replies":[{"embeddable":true,"href":"https:\/\/www.radiopresidenteibanez.cl\/web\/wp-json\/wp\/v2\/comments?post=1059"}],"version-history":[{"count":0,"href":"https:\/\/www.radiopresidenteibanez.cl\/web\/wp-json\/wp\/v2\/posts\/1059\/revisions"}],"wp:featuredmedia":[{"embeddable":true,"href":"https:\/\/www.radiopresidenteibanez.cl\/web\/wp-json\/wp\/v2\/media\/1060"}],"wp:attachment":[{"href":"https:\/\/www.radiopresidenteibanez.cl\/web\/wp-json\/wp\/v2\/media?parent=1059"}],"wp:term":[{"taxonomy":"category","embeddable":true,"href":"https:\/\/www.radiopresidenteibanez.cl\/web\/wp-json\/wp\/v2\/categories?post=1059"},{"taxonomy":"post_tag","embeddable":true,"href":"https:\/\/www.radiopresidenteibanez.cl\/web\/wp-json\/wp\/v2\/tags?post=1059"}],"curies":[{"name":"wp","href":"https:\/\/api.w.org\/{rel}","templated":true}]}}