{"id":10587,"date":"2020-03-26T20:17:22","date_gmt":"2020-03-26T20:17:22","guid":{"rendered":"https:\/\/www.radiopresidenteibanez.cl\/web\/?p=10587"},"modified":"2020-03-26T20:17:26","modified_gmt":"2020-03-26T20:17:26","slug":"gabriel-boric-el-intendente-parece-no-tener-peso-politico-en-magallanes","status":"publish","type":"post","link":"https:\/\/www.radiopresidenteibanez.cl\/web\/gabriel-boric-el-intendente-parece-no-tener-peso-politico-en-magallanes\/","title":{"rendered":"GABRIEL BORIC \u201cEL INTENDENTE PARECE NO TENER PESO POL\u00cdTICO EN MAGALLANES\u201d"},"content":{"rendered":"\n<p>En conversaci\u00f3n con Cristofer Hern\u00e1ndez conductor del programa\n\u201cAvenida 88.5\u201d, el diputado por Magallanes, Gabriel Boric, analiz\u00f3 distintos temas\nen relaci\u00f3n a la situaci\u00f3n que se vive con la pandemia del covid-19 en Chile y\npor sobre todo en la regi\u00f3n.<\/p>\n\n\n\n<p>Uno de ellos fue la situaci\u00f3n del bono \u201ccoronavirus\u201d que fue\npropuesto por el Gobierno y que entregar\u00eda un monto de $50.000 por carga\nfamiliar a lo que el diputado expres\u00f3 que \u201cel monto es muy poco para una\nfamilia, lo que proponemos es que sea entre 80 y 100 mil pesos por carga,\ndurante tres meses, lo cual analizaremos y votaremos en las pr\u00f3ximas horas\u201d.<\/p>\n\n\n\n<p>Al ser consultado sobre las tard\u00edas decisiones por parte de\nla autoridad regional y la escueta informaci\u00f3n que se entrega, Boric Font coment\u00f3\nque \u201cal parecer el intendente Fern\u00e1ndez no tiene peso pol\u00edtico en Magallanes, y\npor eso espera que le digan que hacer otras personas o del norte del pa\u00eds\u201d.<\/p>\n\n\n\n<p>A\u00f1adi\u00f3 que \u201cel intendente debe solicitar el cierre de\nMagallanes de manera urgente estamos a tiempo de que la pandemia no llegu\u00e9 a\nTierra del Fuego y \u00daltima Esperanza\u201d.<\/p>\n\n\n\n<p>Finalmente, el diputado explic\u00f3 que se le har\u00e1 una inyecci\u00f3n\nde $100 millones de d\u00f3lares a los municipios del pa\u00eds para poder contar con\nstock de insumos m\u00e9dicos para Cesfam, Cecosf, entre otros.<\/p>\n","protected":false},"excerpt":{"rendered":"<p>En conversaci\u00f3n con Cristofer Hern\u00e1ndez conductor del programa \u201cAvenida 88.5\u201d, el diputado por Magallanes, Gabriel Boric, analiz\u00f3 distintos temas en relaci\u00f3n a la situaci\u00f3n que se vive con la pandemia&#8230; <a class=\"read-more\" href=\"https:\/\/www.radiopresidenteibanez.cl\/web\/gabriel-boric-el-intendente-parece-no-tener-peso-politico-en-magallanes\/\">Leer m\u00e1s<\/a><\/p>\n","protected":false},"author":2,"featured_media":10588,"comment_status":"closed","ping_status":"closed","sticky":false,"template":"","format":"standard","meta":{"footnotes":""},"categories":[1],"tags":[],"class_list":["post-10587","post","type-post","status-publish","format-standard","has-post-thumbnail","hentry","category-cronica"],"_links":{"self":[{"href":"https:\/\/www.radiopresidenteibanez.cl\/web\/wp-json\/wp\/v2\/posts\/10587","targetHints":{"allow":["GET"]}}],"collection":[{"href":"https:\/\/www.radiopresidenteibanez.cl\/web\/wp-json\/wp\/v2\/posts"}],"about":[{"href":"https:\/\/www.radiopresidenteibanez.cl\/web\/wp-json\/wp\/v2\/types\/post"}],"author":[{"embeddable":true,"href":"https:\/\/www.radiopresidenteibanez.cl\/web\/wp-json\/wp\/v2\/users\/2"}],"replies":[{"embeddable":true,"href":"https:\/\/www.radiopresidenteibanez.cl\/web\/wp-json\/wp\/v2\/comments?post=10587"}],"version-history":[{"count":0,"href":"https:\/\/www.radiopresidenteibanez.cl\/web\/wp-json\/wp\/v2\/posts\/10587\/revisions"}],"wp:featuredmedia":[{"embeddable":true,"href":"https:\/\/www.radiopresidenteibanez.cl\/web\/wp-json\/wp\/v2\/media\/10588"}],"wp:attachment":[{"href":"https:\/\/www.radiopresidenteibanez.cl\/web\/wp-json\/wp\/v2\/media?parent=10587"}],"wp:term":[{"taxonomy":"category","embeddable":true,"href":"https:\/\/www.radiopresidenteibanez.cl\/web\/wp-json\/wp\/v2\/categories?post=10587"},{"taxonomy":"post_tag","embeddable":true,"href":"https:\/\/www.radiopresidenteibanez.cl\/web\/wp-json\/wp\/v2\/tags?post=10587"}],"curies":[{"name":"wp","href":"https:\/\/api.w.org\/{rel}","templated":true}]}}