{"id":10583,"date":"2020-03-26T19:30:55","date_gmt":"2020-03-26T19:30:55","guid":{"rendered":"https:\/\/www.radiopresidenteibanez.cl\/web\/?p=10583"},"modified":"2020-03-26T19:31:00","modified_gmt":"2020-03-26T19:31:00","slug":"enap-se-refiere-a-los-dichos-del-sindicato-de-trabajadores-por-manejo-ante-casos-de-covid-19","status":"publish","type":"post","link":"https:\/\/www.radiopresidenteibanez.cl\/web\/enap-se-refiere-a-los-dichos-del-sindicato-de-trabajadores-por-manejo-ante-casos-de-covid-19\/","title":{"rendered":"ENAP SE REFIERE A LOS DICHOS DEL SINDICATO DE TRABAJADORES POR MANEJO ANTE CASOS DE COVID-19"},"content":{"rendered":"\n<p>En relaci\u00f3n a los \u00faltimos casos confirmados con Covid-19\nen la regi\u00f3n de Magallanes, dos de ellos correspondientes a la empresa ICV, la\ncual presta servicios a ENAP, es importante aclarar que, de esos dos casos,\nsolo uno estuvo en una locaci\u00f3n de ENAP en Tierra del Fuego.&nbsp; Se trata de\nun trabajador, prevencionista de riesgos, que los d\u00edas 10 y 11 de marzo realiz\u00f3\nlabores en la isla, sin que haya tomado contacto directo con personal de ENAP,\ntampoco pernoct\u00f3 en nuestras instalaciones. De acuerdo a la trazabilidad realizada\npor la empresa, el contacto fue solo con tres trabajadores de ICV.<\/p>\n\n\n\n<p>Esta persona present\u00f3 s\u00edntomas varios d\u00edas despu\u00e9s,\ndirigi\u00e9ndose a un centro asistencial de Punta Arenas.<\/p>\n\n\n\n<p>Una vez que ENAP tom\u00f3 conocimiento del caso, este\nmi\u00e9rcoles 25 de marzo, se comunic\u00f3 de inmediato con ICV, solicitando que los\ntres trabajadores que tuvieron contacto directo con el contagiado inicien un\nper\u00edodo de cuarentena.<\/p>\n\n\n\n<p>ENAP mantiene firme su prop\u00f3sito de resguardar la salud\nde sus trabajadores y los de empresas colaboradoras, tomando todos los\nresguardos correspondientes y las medidas que permitan evitar la propagaci\u00f3n\ndel virus. <\/p>\n\n\n\n<p>Toda esta informaci\u00f3n y acciones realizadas por ENAP han\nsido comunicadas a las autoridades regionales. De igual forma, la empresa ha\nido informando internamente a sus trabajadores cada una de las medidas\nadoptadas en relaci\u00f3n a los casos confirmados, difusi\u00f3n que incluye a los\ndirigentes sindicales. Lamentablemente, en esta oportunidad, fue mediante\ncorreo electr\u00f3nico, lo que debi\u00f3 ser reforzado con una comunicaci\u00f3n m\u00e1s directa\ncon los dirigentes.<\/p>\n\n\n\n<p>En ese sentido, entregamos las disculpas que correspondan\ny hacemos un llamado a mantener una relaci\u00f3n de di\u00e1logo y colaboraci\u00f3n para\nsortear unidos esta contingencia tan compleja. Somos una empresa estrat\u00e9gica\npara el pa\u00eds y para Magallanes, por lo que no podemos fallar y debemos trabajar\nen conjunto para cumplir con el abastecimiento energ\u00e9tico que demanda la\ncomunidad.&nbsp;&nbsp; <\/p>\n","protected":false},"excerpt":{"rendered":"<p>En relaci\u00f3n a los \u00faltimos casos confirmados con Covid-19 en la regi\u00f3n de Magallanes, dos de ellos correspondientes a la empresa ICV, la cual presta servicios a ENAP, es importante&#8230; <a class=\"read-more\" href=\"https:\/\/www.radiopresidenteibanez.cl\/web\/enap-se-refiere-a-los-dichos-del-sindicato-de-trabajadores-por-manejo-ante-casos-de-covid-19\/\">Leer m\u00e1s<\/a><\/p>\n","protected":false},"author":2,"featured_media":2789,"comment_status":"closed","ping_status":"closed","sticky":false,"template":"","format":"standard","meta":{"footnotes":""},"categories":[1],"tags":[],"class_list":["post-10583","post","type-post","status-publish","format-standard","has-post-thumbnail","hentry","category-cronica"],"_links":{"self":[{"href":"https:\/\/www.radiopresidenteibanez.cl\/web\/wp-json\/wp\/v2\/posts\/10583","targetHints":{"allow":["GET"]}}],"collection":[{"href":"https:\/\/www.radiopresidenteibanez.cl\/web\/wp-json\/wp\/v2\/posts"}],"about":[{"href":"https:\/\/www.radiopresidenteibanez.cl\/web\/wp-json\/wp\/v2\/types\/post"}],"author":[{"embeddable":true,"href":"https:\/\/www.radiopresidenteibanez.cl\/web\/wp-json\/wp\/v2\/users\/2"}],"replies":[{"embeddable":true,"href":"https:\/\/www.radiopresidenteibanez.cl\/web\/wp-json\/wp\/v2\/comments?post=10583"}],"version-history":[{"count":0,"href":"https:\/\/www.radiopresidenteibanez.cl\/web\/wp-json\/wp\/v2\/posts\/10583\/revisions"}],"wp:featuredmedia":[{"embeddable":true,"href":"https:\/\/www.radiopresidenteibanez.cl\/web\/wp-json\/wp\/v2\/media\/2789"}],"wp:attachment":[{"href":"https:\/\/www.radiopresidenteibanez.cl\/web\/wp-json\/wp\/v2\/media?parent=10583"}],"wp:term":[{"taxonomy":"category","embeddable":true,"href":"https:\/\/www.radiopresidenteibanez.cl\/web\/wp-json\/wp\/v2\/categories?post=10583"},{"taxonomy":"post_tag","embeddable":true,"href":"https:\/\/www.radiopresidenteibanez.cl\/web\/wp-json\/wp\/v2\/tags?post=10583"}],"curies":[{"name":"wp","href":"https:\/\/api.w.org\/{rel}","templated":true}]}}