{"id":10581,"date":"2020-03-26T19:28:46","date_gmt":"2020-03-26T19:28:46","guid":{"rendered":"https:\/\/www.radiopresidenteibanez.cl\/web\/?p=10581"},"modified":"2020-03-26T19:28:52","modified_gmt":"2020-03-26T19:28:52","slug":"quiebre-entre-el-sindicato-de-trabajadores-y-administracion-de-enap-por-manejo-de-coronavirus-en-sus-trabajadores","status":"publish","type":"post","link":"https:\/\/www.radiopresidenteibanez.cl\/web\/quiebre-entre-el-sindicato-de-trabajadores-y-administracion-de-enap-por-manejo-de-coronavirus-en-sus-trabajadores\/","title":{"rendered":"QUIEBRE ENTRE EL SINDICATO DE TRABAJADORES Y ADMINISTRACI\u00d3N DE ENAP, POR MANEJO DE CORONAVIRUS EN SUS TRABAJADORES"},"content":{"rendered":"\n<p>Un sorpresivo quiebre se produjo\nentre el sindicato de trabajadores y la administraci\u00f3n de Enap, as\u00ed lo informo\nen conferencia de prensa esta ma\u00f1ana la directiva sindical a trav\u00e9s de su\npresidente Alejandro Avenda\u00f1o Gallardo.<\/p>\n\n\n\n<p>Seg\u00fan Avenda\u00f1o, esto debido a que\nse quebrantaron las confianzas de c\u00f3mo se ven\u00eda trabajando en una mesa de\nmanejo de crisis en que particip\u00e1bamos como sindicato junto a la administraci\u00f3n\ncon reuniones diarias, lo que molesto profundamente a la dirigencia sindical\nfue precisamente una informaci\u00f3n que saco la gerencia local directamente a los\ntrabajadores la que no fue informada a los dirigentes como tendr\u00eda que haber\nsucedido ya que para eso estaba formada esta mesa, aqu\u00ed correspond\u00eda llamarnos a\nuna reuni\u00f3n e informar correctamente lo que hab\u00eda sucedido donde se\u00f1alaba que exist\u00edan\ndos casos m\u00e1s de trabajadores de la empresa ICV que prestan servicios a Enap\nque fueron diagnosticados de coronavirus.<\/p>\n\n\n\n<p>Aqu\u00ed claramente se ha querido\nocultar informaci\u00f3n de ah\u00ed nace la desconfianza hacia como esta manejando este\ntema la administraci\u00f3n de Enap y hoy no tenemos la seguridad si la\nadministraci\u00f3n maneja otros casos y no quiere informar, es por ello que como\nrepresentantes de los trabajadores hemos abandonado esta mesa de manejo de\ncrisis ya que hemos comprobado que no ha servido de nada.<\/p>\n\n\n\n<p>Hoy nuestros socios y socias\nrepresentan un 84% de la dotaci\u00f3n total de Enap Magallanes y no estamos\ndispuestos a ponerlos en peligro, estamos ante un virus que sigue en aumento lo\nque tiene muy preocupados a todos los trabajadores y sus familias y que tenemos\nque cuidar como as\u00ed tambi\u00e9n todas las familias magall\u00e1nicas.<\/p>\n\n\n\n<p>En reuni\u00f3n con el intendente Jos\u00e9 Fern\u00e1ndez fuimos claro en se\u00f1alarle que se debe decretar cuarentena total en la regi\u00f3n de Magallanes esto no puede seguir esperando ni jugando con la salud y la vida de las personas, finalizo se\u00f1alando Avenda\u00f1o.<\/p>\n","protected":false},"excerpt":{"rendered":"<p>Un sorpresivo quiebre se produjo entre el sindicato de trabajadores y la administraci\u00f3n de Enap, as\u00ed lo informo en conferencia de prensa esta ma\u00f1ana la directiva sindical a trav\u00e9s de&#8230; <a class=\"read-more\" href=\"https:\/\/www.radiopresidenteibanez.cl\/web\/quiebre-entre-el-sindicato-de-trabajadores-y-administracion-de-enap-por-manejo-de-coronavirus-en-sus-trabajadores\/\">Leer m\u00e1s<\/a><\/p>\n","protected":false},"author":2,"featured_media":6713,"comment_status":"closed","ping_status":"closed","sticky":false,"template":"","format":"standard","meta":{"footnotes":""},"categories":[1],"tags":[],"class_list":["post-10581","post","type-post","status-publish","format-standard","has-post-thumbnail","hentry","category-cronica"],"_links":{"self":[{"href":"https:\/\/www.radiopresidenteibanez.cl\/web\/wp-json\/wp\/v2\/posts\/10581","targetHints":{"allow":["GET"]}}],"collection":[{"href":"https:\/\/www.radiopresidenteibanez.cl\/web\/wp-json\/wp\/v2\/posts"}],"about":[{"href":"https:\/\/www.radiopresidenteibanez.cl\/web\/wp-json\/wp\/v2\/types\/post"}],"author":[{"embeddable":true,"href":"https:\/\/www.radiopresidenteibanez.cl\/web\/wp-json\/wp\/v2\/users\/2"}],"replies":[{"embeddable":true,"href":"https:\/\/www.radiopresidenteibanez.cl\/web\/wp-json\/wp\/v2\/comments?post=10581"}],"version-history":[{"count":0,"href":"https:\/\/www.radiopresidenteibanez.cl\/web\/wp-json\/wp\/v2\/posts\/10581\/revisions"}],"wp:featuredmedia":[{"embeddable":true,"href":"https:\/\/www.radiopresidenteibanez.cl\/web\/wp-json\/wp\/v2\/media\/6713"}],"wp:attachment":[{"href":"https:\/\/www.radiopresidenteibanez.cl\/web\/wp-json\/wp\/v2\/media?parent=10581"}],"wp:term":[{"taxonomy":"category","embeddable":true,"href":"https:\/\/www.radiopresidenteibanez.cl\/web\/wp-json\/wp\/v2\/categories?post=10581"},{"taxonomy":"post_tag","embeddable":true,"href":"https:\/\/www.radiopresidenteibanez.cl\/web\/wp-json\/wp\/v2\/tags?post=10581"}],"curies":[{"name":"wp","href":"https:\/\/api.w.org\/{rel}","templated":true}]}}