{"id":10578,"date":"2020-03-26T19:26:08","date_gmt":"2020-03-26T19:26:08","guid":{"rendered":"https:\/\/www.radiopresidenteibanez.cl\/web\/?p=10578"},"modified":"2020-03-26T19:26:13","modified_gmt":"2020-03-26T19:26:13","slug":"sindicato-de-trabajadores-de-enap-se-reunio-con-intendente-de-magallanes-y-solicito-se-decrete-cuarentena-total-en-la-region-de-no-hacerlo-se-podria-poner-en-riesgo-el-abastecimiento-de-gas-en-la-reg","status":"publish","type":"post","link":"https:\/\/www.radiopresidenteibanez.cl\/web\/sindicato-de-trabajadores-de-enap-se-reunio-con-intendente-de-magallanes-y-solicito-se-decrete-cuarentena-total-en-la-region-de-no-hacerlo-se-podria-poner-en-riesgo-el-abastecimiento-de-gas-en-la-reg\/","title":{"rendered":"SINDICATO DE TRABAJADORES DE ENAP SE REUNI\u00d3 CON INTENDENTE DE MAGALLANES Y SOLICITO SE DECRETE CUARENTENA TOTAL EN LA REGI\u00d3N, DE NO HACERLO SE PODR\u00cdA PONER EN RIESGO EL ABASTECIMIENTO DE GAS EN LA REGI\u00d3N"},"content":{"rendered":"\n<p>La directiva del sindicato de\nEnap se reuni\u00f3 con el intendente <a>Jose Fernandez <\/a>Dubrock,\na quien le expusieron la situaci\u00f3n de Enap desde que llego el coronavirus al\npa\u00eds y en nuestra regi\u00f3n que ya suma 22 casos.<\/p>\n\n\n\n<p>Seg\u00fan Avenda\u00f1o, hoy d\u00eda Enap se encuentra\ncon el m\u00ednimo de dotaci\u00f3n en terreno para asegurar la operaci\u00f3n tanto para el\nabastecimiento del gas y los combustibles, pero nuestros trabajadores y\ntrabajadoras no son robot, son humanos que tienen familia, con trabajadores muy\npreocupados y angustiados, hoy en Enap ya tenemos cuatro casos, un trabajador\npropio y tres contratistas y nadie sabe cu\u00e1nto m\u00e1s podr\u00eda aumentar lo que se\ntorna alarmante y con la preocupaci\u00f3n de nuestros trabajadores que incluso\natenta con la seguridad por la preocupaci\u00f3n que genera este virus y angustiados\na la vez al estar alejados de su familia lo que es totalmente entendible.<\/p>\n\n\n\n<p>Se le manifest\u00f3 que aqu\u00ed ya no se\npuede esperar m\u00e1s en declarar cuarentena total a la regi\u00f3n ya que de no ser as\u00ed\neste gobierno ser\u00e1 responsable de poder llegar a dejar a la regi\u00f3n sin gas, por\notro lado, declarar cuarentena total es el sentir de mas del 90% de los\nmagall\u00e1nicos.<\/p>\n\n\n\n<p><strong>Intendente<\/strong><\/p>\n\n\n\n<p>Por su parte el intendente Jose\nFernandez Dubrock, se mostr\u00f3 preocupado por el planteamiento sindical a la vez\nindico que no es una materia a resolver el c\u00f3mo intendente pero se comprometi\u00f3\nque ser\u00e1 levantado al ministerio del interior por lo complejo que resultar\u00eda\nuna situaci\u00f3n como esta, reconoci\u00f3 la labor e importancia de los trabajadores\ndel petr\u00f3leo y su preocupaci\u00f3n ante este Covid-19 que sigue en aumento y\nentiende la preocupaci\u00f3n por el cuidado de los trabajadores y trabajadoras y\nfamiliares, finalizo se\u00f1alando el m\u00e1ximo l\u00edder de los petroleros.<\/p>\n","protected":false},"excerpt":{"rendered":"<p>La directiva del sindicato de Enap se reuni\u00f3 con el intendente Jose Fernandez Dubrock, a quien le expusieron la situaci\u00f3n de Enap desde que llego el coronavirus al pa\u00eds y&#8230; <a class=\"read-more\" href=\"https:\/\/www.radiopresidenteibanez.cl\/web\/sindicato-de-trabajadores-de-enap-se-reunio-con-intendente-de-magallanes-y-solicito-se-decrete-cuarentena-total-en-la-region-de-no-hacerlo-se-podria-poner-en-riesgo-el-abastecimiento-de-gas-en-la-reg\/\">Leer m\u00e1s<\/a><\/p>\n","protected":false},"author":2,"featured_media":10579,"comment_status":"closed","ping_status":"closed","sticky":false,"template":"","format":"standard","meta":{"footnotes":""},"categories":[1],"tags":[],"class_list":["post-10578","post","type-post","status-publish","format-standard","has-post-thumbnail","hentry","category-cronica"],"_links":{"self":[{"href":"https:\/\/www.radiopresidenteibanez.cl\/web\/wp-json\/wp\/v2\/posts\/10578","targetHints":{"allow":["GET"]}}],"collection":[{"href":"https:\/\/www.radiopresidenteibanez.cl\/web\/wp-json\/wp\/v2\/posts"}],"about":[{"href":"https:\/\/www.radiopresidenteibanez.cl\/web\/wp-json\/wp\/v2\/types\/post"}],"author":[{"embeddable":true,"href":"https:\/\/www.radiopresidenteibanez.cl\/web\/wp-json\/wp\/v2\/users\/2"}],"replies":[{"embeddable":true,"href":"https:\/\/www.radiopresidenteibanez.cl\/web\/wp-json\/wp\/v2\/comments?post=10578"}],"version-history":[{"count":0,"href":"https:\/\/www.radiopresidenteibanez.cl\/web\/wp-json\/wp\/v2\/posts\/10578\/revisions"}],"wp:featuredmedia":[{"embeddable":true,"href":"https:\/\/www.radiopresidenteibanez.cl\/web\/wp-json\/wp\/v2\/media\/10579"}],"wp:attachment":[{"href":"https:\/\/www.radiopresidenteibanez.cl\/web\/wp-json\/wp\/v2\/media?parent=10578"}],"wp:term":[{"taxonomy":"category","embeddable":true,"href":"https:\/\/www.radiopresidenteibanez.cl\/web\/wp-json\/wp\/v2\/categories?post=10578"},{"taxonomy":"post_tag","embeddable":true,"href":"https:\/\/www.radiopresidenteibanez.cl\/web\/wp-json\/wp\/v2\/tags?post=10578"}],"curies":[{"name":"wp","href":"https:\/\/api.w.org\/{rel}","templated":true}]}}