{"id":10575,"date":"2020-03-26T19:22:20","date_gmt":"2020-03-26T19:22:20","guid":{"rendered":"https:\/\/www.radiopresidenteibanez.cl\/web\/?p=10575"},"modified":"2020-03-26T19:22:25","modified_gmt":"2020-03-26T19:22:25","slug":"senador-carlos-bianchi-se-debe-decretar-cierre-de-la-region-para-proteger-de-forma-efectiva-a-la-poblacion-y-al-continente-antartico-como-resguardo-de-la-humanidad","status":"publish","type":"post","link":"https:\/\/www.radiopresidenteibanez.cl\/web\/senador-carlos-bianchi-se-debe-decretar-cierre-de-la-region-para-proteger-de-forma-efectiva-a-la-poblacion-y-al-continente-antartico-como-resguardo-de-la-humanidad\/","title":{"rendered":"SENADOR CARLOS BIANCHI: \u201cSE DEBE DECRETAR CIERRE DE LA REGI\u00d3N PARA PROTEGER DE FORMA EFECTIVA A LA POBLACI\u00d3N Y AL CONTINENTE ANT\u00c1RTICO COMO RESGUARDO DE LA HUMANIDAD\u201d"},"content":{"rendered":"\n<p>Este jueves el senador de Magallanes, Carlos\nBianchi,&nbsp; reiter\u00f3 la solicitud al\nMinisterio de Salud para que se declare un aislamiento total para toda la\nRegi\u00f3n y territorio ant\u00e1rtico, de modo de disminuir al m\u00e1ximo posible las\nposibilidades de contagio. <\/p>\n\n\n\n<p>El parlamentario expuso nuevamente a las autoridades\nsanitarias que en materia de transporte terrestre a esta Regi\u00f3n solo se puede\ningresar v\u00eda la Rep\u00fablica Argentina, lo que hace necesario una salida del pa\u00eds\ny luego un ingreso&nbsp; a cualquier persona\nque quiera salir o ingresar al resto del territorio nacional.<\/p>\n\n\n\n<p>En el oficio dirigido al Ministerio de Salud explicit\u00f3\nque \u201cEs m\u00e1s especial la &nbsp;situaci\u00f3n\nrespecto a la conexi\u00f3n mar\u00edtima, ya que por la condici\u00f3n de Regi\u00f3n con\nterritorio Ant\u00e1rtico, existe la posibilidad de que embarcaciones navieras\nllegan desde diversos pa\u00edses debido a que mantienen bases en la Ant\u00e1rtica, como\nocurre con pa\u00edses como China, Rusia y Corea. Desde all\u00ed ya ingresan a la\nProvincia de la Ant\u00e1rtica Chilena cuya capital es Puerto Williams pudiendo&nbsp; desplazarse posteriormente&nbsp; al resto de la Regi\u00f3n.\u201d<\/p>\n\n\n\n<p>Bianchi puntualiz\u00f3 que esta especial condici\u00f3n\ngeogr\u00e1fica austral y ant\u00e1rtica de la Regi\u00f3n, ante la actual crisis sanitaria\nque nos afecta requiere, sin duda, un trato especial y diferenciado, puesto que\nsomos un territorio que se encuentra expuesto a condiciones de conexi\u00f3n muy particulares\nque significan la posibilidad de ingreso y salida de personas tanto nacionales\ncomo extranjeras que no son las mismas que las del resto de las regiones.<\/p>\n\n\n\n<p>Bianchi dijo que \u201cEspecialmente sensible resulta la\nposibilidad de ingreso de turistas y cient\u00edficos de otros pa\u00edses por v\u00eda\nmar\u00edtima, puesto que no es descartable que ciudadanos de pa\u00edses altamente\nafectados por el Coronavirus tales como China y Espa\u00f1a&nbsp; ingresen a la Regi\u00f3n, en particular a la zona\nde la Provincia Ant\u00e1rtica, sin que exista ning\u00fan tipo de control sanitario ha\ndicho ingreso.\u201d<\/p>\n\n\n\n<p>Otro tema que diferencia a la Regi\u00f3n de Magallanes\ncon el resto del pa\u00eds es el factor clim\u00e1tico, ya que en la Regi\u00f3n en estos d\u00edas\nse presentan condiciones de temperaturas invernales, con lluvia e incluso nieve,\nlo que tal como lo han se\u00f1alado los especialistas, significa que la poblaci\u00f3n\nse encuentra expuesta a una real de posibilidad de contagio mucho mayor.<\/p>\n\n\n\n<p>Por lo anterior es que se solicit\u00f3 que se establezca\nde manera urgente por parte de la Autoridad Sanitaria un plan especial que\ngarantice el&nbsp; aislamiento total&nbsp; de la Regi\u00f3n respecto al ingreso de personas\nnacionales y especialmente extranjeras a trav\u00e9s del denominado \u201ccord\u00f3n\nsanitario\u201d y que sea implementado por las autoridades locales a la brevedad posible.\n<\/p>\n","protected":false},"excerpt":{"rendered":"<p>Este jueves el senador de Magallanes, Carlos Bianchi,&nbsp; reiter\u00f3 la solicitud al Ministerio de Salud para que se declare un aislamiento total para toda la Regi\u00f3n y territorio ant\u00e1rtico, de&#8230; <a class=\"read-more\" href=\"https:\/\/www.radiopresidenteibanez.cl\/web\/senador-carlos-bianchi-se-debe-decretar-cierre-de-la-region-para-proteger-de-forma-efectiva-a-la-poblacion-y-al-continente-antartico-como-resguardo-de-la-humanidad\/\">Leer m\u00e1s<\/a><\/p>\n","protected":false},"author":2,"featured_media":10576,"comment_status":"closed","ping_status":"closed","sticky":false,"template":"","format":"standard","meta":{"footnotes":""},"categories":[1],"tags":[],"class_list":["post-10575","post","type-post","status-publish","format-standard","has-post-thumbnail","hentry","category-cronica"],"_links":{"self":[{"href":"https:\/\/www.radiopresidenteibanez.cl\/web\/wp-json\/wp\/v2\/posts\/10575","targetHints":{"allow":["GET"]}}],"collection":[{"href":"https:\/\/www.radiopresidenteibanez.cl\/web\/wp-json\/wp\/v2\/posts"}],"about":[{"href":"https:\/\/www.radiopresidenteibanez.cl\/web\/wp-json\/wp\/v2\/types\/post"}],"author":[{"embeddable":true,"href":"https:\/\/www.radiopresidenteibanez.cl\/web\/wp-json\/wp\/v2\/users\/2"}],"replies":[{"embeddable":true,"href":"https:\/\/www.radiopresidenteibanez.cl\/web\/wp-json\/wp\/v2\/comments?post=10575"}],"version-history":[{"count":0,"href":"https:\/\/www.radiopresidenteibanez.cl\/web\/wp-json\/wp\/v2\/posts\/10575\/revisions"}],"wp:featuredmedia":[{"embeddable":true,"href":"https:\/\/www.radiopresidenteibanez.cl\/web\/wp-json\/wp\/v2\/media\/10576"}],"wp:attachment":[{"href":"https:\/\/www.radiopresidenteibanez.cl\/web\/wp-json\/wp\/v2\/media?parent=10575"}],"wp:term":[{"taxonomy":"category","embeddable":true,"href":"https:\/\/www.radiopresidenteibanez.cl\/web\/wp-json\/wp\/v2\/categories?post=10575"},{"taxonomy":"post_tag","embeddable":true,"href":"https:\/\/www.radiopresidenteibanez.cl\/web\/wp-json\/wp\/v2\/tags?post=10575"}],"curies":[{"name":"wp","href":"https:\/\/api.w.org\/{rel}","templated":true}]}}