{"id":10572,"date":"2020-03-26T19:16:59","date_gmt":"2020-03-26T19:16:59","guid":{"rendered":"https:\/\/www.radiopresidenteibanez.cl\/web\/?p=10572"},"modified":"2020-03-26T19:17:03","modified_gmt":"2020-03-26T19:17:03","slug":"iva-brigada-aerea-apoya-traslado-de-mas-refuerzos-medicos-a-puerto-williams","status":"publish","type":"post","link":"https:\/\/www.radiopresidenteibanez.cl\/web\/iva-brigada-aerea-apoya-traslado-de-mas-refuerzos-medicos-a-puerto-williams\/","title":{"rendered":"IV\u00aa BRIGADA A\u00c9REA APOYA TRASLADO DE M\u00c1S REFUERZOS M\u00c9DICOS A PUERTO WILLIAMS"},"content":{"rendered":"\n<p>Durante la\nma\u00f1ana del jueves 26 de marzo, la IV\u00aa Brigada A\u00e9rea realiz\u00f3 un nuevo traslado\nde profesionales del \u00e1rea de la Salud a Puerto Williams, quienes se suman al\nequipo humano trasladado el mi\u00e9rcoles 25, para seguir reforzando las atenciones\nm\u00e9dicas en el Hospital Comunitario Cristina Calder\u00f3n.<\/p>\n\n\n\n<p>El vuelo\nse efectu\u00f3 a bordo de una aeronave DHC-6 Twin Otter, de dotaci\u00f3n del Grupo de\nAviaci\u00f3n N\u00b06 de la Unidad, que despeg\u00f3 desde la Base A\u00e9rea Chabunco de Punta\nArenas rumbo a la capital de la Provincia Ant\u00e1rtica, la m\u00e1s austral del pa\u00eds.<\/p>\n\n\n\n<p>Esta\noperaci\u00f3n a\u00e9rea es una de las labores de apoyo a la comunidad que\npermanentemente lleva a cabo la IV\u00aa Brigada A\u00e9rea, a disposici\u00f3n de las medidas\nsanitarias establecidas por la autoridad para prevenir la propagaci\u00f3n de\nCOVID-19 en la poblaci\u00f3n magall\u00e1nica.<\/p>\n","protected":false},"excerpt":{"rendered":"<p>Durante la ma\u00f1ana del jueves 26 de marzo, la IV\u00aa Brigada A\u00e9rea realiz\u00f3 un nuevo traslado de profesionales del \u00e1rea de la Salud a Puerto Williams, quienes se suman al&#8230; <a class=\"read-more\" href=\"https:\/\/www.radiopresidenteibanez.cl\/web\/iva-brigada-aerea-apoya-traslado-de-mas-refuerzos-medicos-a-puerto-williams\/\">Leer m\u00e1s<\/a><\/p>\n","protected":false},"author":2,"featured_media":10573,"comment_status":"closed","ping_status":"closed","sticky":false,"template":"","format":"standard","meta":{"footnotes":""},"categories":[1],"tags":[],"class_list":["post-10572","post","type-post","status-publish","format-standard","has-post-thumbnail","hentry","category-cronica"],"_links":{"self":[{"href":"https:\/\/www.radiopresidenteibanez.cl\/web\/wp-json\/wp\/v2\/posts\/10572","targetHints":{"allow":["GET"]}}],"collection":[{"href":"https:\/\/www.radiopresidenteibanez.cl\/web\/wp-json\/wp\/v2\/posts"}],"about":[{"href":"https:\/\/www.radiopresidenteibanez.cl\/web\/wp-json\/wp\/v2\/types\/post"}],"author":[{"embeddable":true,"href":"https:\/\/www.radiopresidenteibanez.cl\/web\/wp-json\/wp\/v2\/users\/2"}],"replies":[{"embeddable":true,"href":"https:\/\/www.radiopresidenteibanez.cl\/web\/wp-json\/wp\/v2\/comments?post=10572"}],"version-history":[{"count":0,"href":"https:\/\/www.radiopresidenteibanez.cl\/web\/wp-json\/wp\/v2\/posts\/10572\/revisions"}],"wp:featuredmedia":[{"embeddable":true,"href":"https:\/\/www.radiopresidenteibanez.cl\/web\/wp-json\/wp\/v2\/media\/10573"}],"wp:attachment":[{"href":"https:\/\/www.radiopresidenteibanez.cl\/web\/wp-json\/wp\/v2\/media?parent=10572"}],"wp:term":[{"taxonomy":"category","embeddable":true,"href":"https:\/\/www.radiopresidenteibanez.cl\/web\/wp-json\/wp\/v2\/categories?post=10572"},{"taxonomy":"post_tag","embeddable":true,"href":"https:\/\/www.radiopresidenteibanez.cl\/web\/wp-json\/wp\/v2\/tags?post=10572"}],"curies":[{"name":"wp","href":"https:\/\/api.w.org\/{rel}","templated":true}]}}