{"id":1056,"date":"2019-02-04T12:25:29","date_gmt":"2019-02-04T12:25:29","guid":{"rendered":"http:\/\/www.radiopresidenteibanez.cl\/web\/?p=1056"},"modified":"2019-02-04T12:25:56","modified_gmt":"2019-02-04T12:25:56","slug":"cerca-de-seis-mil-500-personas-asistieron-al-evento-segun-la-cifra-oficial-entregada-por-el-comisario-de-carabineros-de-porvenir","status":"publish","type":"post","link":"https:\/\/www.radiopresidenteibanez.cl\/web\/cerca-de-seis-mil-500-personas-asistieron-al-evento-segun-la-cifra-oficial-entregada-por-el-comisario-de-carabineros-de-porvenir\/","title":{"rendered":"CERCA DE SEIS MIL 500 PERSONAS, ASISTIERON AL EVENTO SEG\u00daN LA CIFRA OFICIAL ENTREGADA POR EL COMISARIO DE CARABINEROS DE PORVENIR"},"content":{"rendered":"\n<p> Un total de 33 equipos, de Chile y Argentina, dieron vida el s\u00e1bado a la XVIII versi\u00f3n del Asado M\u00e1s Grande de Tierra del Fuego, en Porvenir, evento de tradici\u00f3n patag\u00f3nica en el cual se preparar\u00e1n 150 corderos al palo para deleite de los asistentes.<\/p>\n\n\n\n<p><br>Con la presencia de la intendenta de Magallanes, Mar\u00eda Teresa Casta\u00f1\u00f3n, la gobernadora de la provincia fueguina, Margarita Norambuena, y la due\u00f1a de casa, la alcaldesa Marisol Andrade C\u00e1rdenas, se inici\u00f3 la nueva versi\u00f3n del asado.<\/p>\n\n\n\n<p><br>La actividad se inici\u00f3 con la ceremonia inaugural de la actividad, tras lo cual comenzaron a servirse los primeros platos de las distintas preparaciones hechas por los diferentes equipos competidores.<br>Hasta el club de jineteadas \u201cJos\u00e9 Mario Andrade\u201d, se estima que llegaron m\u00e1s de 6500 personas.\u00a0<\/p>\n\n\n\n<p><br>La primera autoridad comunal, dijo sentirse muy contenta \u201cporque adem\u00e1s el clima acompa\u00f1\u00f3 en esta versi\u00f3n del a\u00f1o 2019. los participantes todos contentos los equipos muy hermanados para la competencia por lo tanto ha sido todo un \u00e9xito y observe a la gente feliz disfrutando como es el sentido de esta actividad en familia as\u00ed que este d\u00eda campestre en Porvenir\u201d.<\/p>\n\n\n\n<p><br>Lo que busca el \u201cAsado M\u00e1s Grande de Tierra del Fuego\u201d, es rescatar las tradiciones locales de la Tierra del Fuego con este asado, la convivencia familiar es lo que impregna esta hermosa actividad. La edil mencion\u00f3 que \u201cnosotros los patag\u00f3nicos, los magall\u00e1nicos nos juntamos en torno a una fogata y a un asado al palo, ah\u00ed uno conversa entre amigos, entre familia\u201d.\u00a0<br>En su fallo definitivo, los jueces que por primera vez inclu\u00edan a una mujer, la conocida gastr\u00f3noma porvenire\u00f1a Ang\u00e9lica Espa\u00f1a, entregaron los siguientes resultados: primer lugar en categor\u00eda Asado Tendido, Nova Austral, de Porvenir; segundo puesto, AquaProtein, Porvenir; terceros, Las Tres B, Porvenir.<\/p>\n\n\n\n<p><br>Por su parte en la serie Asado Parado: primero, Los Camperos, de R\u00edo Grande (Argentina); 2\u00b0 lugar, Team Expedition Horse, Porvenir; y tercer puesto, Asociaci\u00f3n de Residentes Chilenos Gabriela Mistral de Ushuaia, Argentina.<\/p>\n\n\n\n<p><br>El espect\u00e1culo incluy\u00f3 a numerosos grupos, Los Fueguinos, Renacer, K\u00fctralihue y los Gastoncitos, a los conjuntos de Olivares, Voces de mi Tierra; los Hermanos P\u00e9rez, de Tolhuin, Trigal de Chilo\u00e9, Pioneros del Sur y Fortaleza, ambos bailables de Punta Arenas, que ya tempranamente hab\u00edan concitado la atenci\u00f3n y aceptaci\u00f3n de los presentes. <\/p>\n\n\n\n<p>El afamado cantante chileno Am\u00e9rico fue, por la parte art\u00edstica del evento, ofrecida por la municipalidad de Porvenir, el n\u00famero central que cerr\u00f3 el show musical, pasadas las 19 horas. <\/p>\n","protected":false},"excerpt":{"rendered":"<p>Un total de 33 equipos, de Chile y Argentina, dieron vida el s\u00e1bado a la XVIII versi\u00f3n del Asado M\u00e1s Grande de Tierra del Fuego, en Porvenir, evento de tradici\u00f3n&#8230; <a class=\"read-more\" href=\"https:\/\/www.radiopresidenteibanez.cl\/web\/cerca-de-seis-mil-500-personas-asistieron-al-evento-segun-la-cifra-oficial-entregada-por-el-comisario-de-carabineros-de-porvenir\/\">Leer m\u00e1s<\/a><\/p>\n","protected":false},"author":2,"featured_media":1057,"comment_status":"closed","ping_status":"closed","sticky":false,"template":"","format":"standard","meta":{"footnotes":""},"categories":[1],"tags":[],"class_list":["post-1056","post","type-post","status-publish","format-standard","has-post-thumbnail","hentry","category-cronica"],"_links":{"self":[{"href":"https:\/\/www.radiopresidenteibanez.cl\/web\/wp-json\/wp\/v2\/posts\/1056","targetHints":{"allow":["GET"]}}],"collection":[{"href":"https:\/\/www.radiopresidenteibanez.cl\/web\/wp-json\/wp\/v2\/posts"}],"about":[{"href":"https:\/\/www.radiopresidenteibanez.cl\/web\/wp-json\/wp\/v2\/types\/post"}],"author":[{"embeddable":true,"href":"https:\/\/www.radiopresidenteibanez.cl\/web\/wp-json\/wp\/v2\/users\/2"}],"replies":[{"embeddable":true,"href":"https:\/\/www.radiopresidenteibanez.cl\/web\/wp-json\/wp\/v2\/comments?post=1056"}],"version-history":[{"count":0,"href":"https:\/\/www.radiopresidenteibanez.cl\/web\/wp-json\/wp\/v2\/posts\/1056\/revisions"}],"wp:featuredmedia":[{"embeddable":true,"href":"https:\/\/www.radiopresidenteibanez.cl\/web\/wp-json\/wp\/v2\/media\/1057"}],"wp:attachment":[{"href":"https:\/\/www.radiopresidenteibanez.cl\/web\/wp-json\/wp\/v2\/media?parent=1056"}],"wp:term":[{"taxonomy":"category","embeddable":true,"href":"https:\/\/www.radiopresidenteibanez.cl\/web\/wp-json\/wp\/v2\/categories?post=1056"},{"taxonomy":"post_tag","embeddable":true,"href":"https:\/\/www.radiopresidenteibanez.cl\/web\/wp-json\/wp\/v2\/tags?post=1056"}],"curies":[{"name":"wp","href":"https:\/\/api.w.org\/{rel}","templated":true}]}}