{"id":10556,"date":"2020-03-26T00:54:46","date_gmt":"2020-03-26T00:54:46","guid":{"rendered":"https:\/\/www.radiopresidenteibanez.cl\/web\/?p=10556"},"modified":"2020-03-26T00:54:50","modified_gmt":"2020-03-26T00:54:50","slug":"iva-brigada-aerea-apoya-nuevo-traslado-de-equipo-humano-e-insumos-medicos-a-puerto-williams","status":"publish","type":"post","link":"https:\/\/www.radiopresidenteibanez.cl\/web\/iva-brigada-aerea-apoya-nuevo-traslado-de-equipo-humano-e-insumos-medicos-a-puerto-williams\/","title":{"rendered":"IV\u00aa BRIGADA A\u00c9REA APOYA NUEVO TRASLADO DE EQUIPO HUMANO E INSUMOS M\u00c9DICOS A PUERTO WILLIAMS"},"content":{"rendered":"\n<p>Con\nel objetivo de seguir reforzando y garantizar las atenciones m\u00e9dicas en Puerto\nWilliams, la tripulaci\u00f3n de una aeronave DHC-6 Twin Otter, del Grupo de\nAviaci\u00f3n N\u00b06 de la IV\u00aa Brigada A\u00e9rea, apoy\u00f3 un nuevo traslado de equipo humano\ne insumos m\u00e9dicos destinados al Hospital Comunitario Cristina Calder\u00f3n.<\/p>\n\n\n\n<p>El\nvuelo despeg\u00f3 desde la Base A\u00e9rea Chabunco de Punta Arenas, durante la tarde del\nmi\u00e9rcoles 25 de marzo, y arrib\u00f3 al aeropuerto Guardiamarina Za\u00f1artu de la\ncapital de la Provincia Ant\u00e1rtica, con profesionales de la Salud y personal\nauxiliar, quienes van a cumplir una importante labor en la poblaci\u00f3n,\nfortaleciendo el sistema asistencial para la prevenci\u00f3n del COVID-19.<\/p>\n\n\n\n<p>El\ndirector del Servicio de Salud, Nelson Reyes, se\u00f1al\u00f3 que junto al equipo\nprofesional se trasladaron elementos de protecci\u00f3n para el personal, f\u00e1rmacos y\notros insumos necesarios para el buen desarrollo de sus labores. \u00abDestacar\nla colaboraci\u00f3n directa que hemos tenido de la Fuerza A\u00e9rea, a trav\u00e9s de la IV\u00aa Brigada A\u00e9rea en esta emergencia.\nEsta alianza es en beneficio directo de toda la comunidad magall\u00e1nica y, en\neste caso particular, de los habitantes de la Provincia Ant\u00e1rtica\u201d, afirm\u00f3.<\/p>\n\n\n\n<p>La Fuerza\nA\u00e9rea se encuentra apoyando las acciones implementadas por la autoridad\nsanitaria, contribuyendo a la comunidad con sus capacidades humanas, t\u00e9cnicas y\noperativas, para la prevenci\u00f3n y control de esta pandemia que afecta a todo el\npa\u00eds.<\/p>\n","protected":false},"excerpt":{"rendered":"<p>Con el objetivo de seguir reforzando y garantizar las atenciones m\u00e9dicas en Puerto Williams, la tripulaci\u00f3n de una aeronave DHC-6 Twin Otter, del Grupo de Aviaci\u00f3n N\u00b06 de la IV\u00aa&#8230; <a class=\"read-more\" href=\"https:\/\/www.radiopresidenteibanez.cl\/web\/iva-brigada-aerea-apoya-nuevo-traslado-de-equipo-humano-e-insumos-medicos-a-puerto-williams\/\">Leer m\u00e1s<\/a><\/p>\n","protected":false},"author":2,"featured_media":10557,"comment_status":"closed","ping_status":"closed","sticky":false,"template":"","format":"standard","meta":{"footnotes":""},"categories":[1],"tags":[],"class_list":["post-10556","post","type-post","status-publish","format-standard","has-post-thumbnail","hentry","category-cronica"],"_links":{"self":[{"href":"https:\/\/www.radiopresidenteibanez.cl\/web\/wp-json\/wp\/v2\/posts\/10556","targetHints":{"allow":["GET"]}}],"collection":[{"href":"https:\/\/www.radiopresidenteibanez.cl\/web\/wp-json\/wp\/v2\/posts"}],"about":[{"href":"https:\/\/www.radiopresidenteibanez.cl\/web\/wp-json\/wp\/v2\/types\/post"}],"author":[{"embeddable":true,"href":"https:\/\/www.radiopresidenteibanez.cl\/web\/wp-json\/wp\/v2\/users\/2"}],"replies":[{"embeddable":true,"href":"https:\/\/www.radiopresidenteibanez.cl\/web\/wp-json\/wp\/v2\/comments?post=10556"}],"version-history":[{"count":0,"href":"https:\/\/www.radiopresidenteibanez.cl\/web\/wp-json\/wp\/v2\/posts\/10556\/revisions"}],"wp:featuredmedia":[{"embeddable":true,"href":"https:\/\/www.radiopresidenteibanez.cl\/web\/wp-json\/wp\/v2\/media\/10557"}],"wp:attachment":[{"href":"https:\/\/www.radiopresidenteibanez.cl\/web\/wp-json\/wp\/v2\/media?parent=10556"}],"wp:term":[{"taxonomy":"category","embeddable":true,"href":"https:\/\/www.radiopresidenteibanez.cl\/web\/wp-json\/wp\/v2\/categories?post=10556"},{"taxonomy":"post_tag","embeddable":true,"href":"https:\/\/www.radiopresidenteibanez.cl\/web\/wp-json\/wp\/v2\/tags?post=10556"}],"curies":[{"name":"wp","href":"https:\/\/api.w.org\/{rel}","templated":true}]}}