{"id":10546,"date":"2020-03-25T19:20:54","date_gmt":"2020-03-25T19:20:54","guid":{"rendered":"https:\/\/www.radiopresidenteibanez.cl\/web\/?p=10546"},"modified":"2020-03-25T19:20:59","modified_gmt":"2020-03-25T19:20:59","slug":"mineduc-extiende-periodo-de-suspension-de-clases-y-adelanta-vacaciones-de-invierno","status":"publish","type":"post","link":"https:\/\/www.radiopresidenteibanez.cl\/web\/mineduc-extiende-periodo-de-suspension-de-clases-y-adelanta-vacaciones-de-invierno\/","title":{"rendered":"MINEDUC EXTIENDE PER\u00cdODO DE SUSPENSI\u00d3N DE CLASES Y ADELANTA VACACIONES DE INVIERNO"},"content":{"rendered":"\n<p>Este viernes se cumplen dos semanas de clases suspendidas en todos los establecimientos educacionales y jardines infantiles del pa\u00eds&nbsp;(municipales, particulares subvencionados, particulares pagados, dependientes de servicios locales de educaci\u00f3n o administraci\u00f3n delegada) debido a una medida preventiva producto de la pandemia de Coronavirus.<\/p>\n\n\n\n<p>Hoy el Ministro de Educaci\u00f3n, Ra\u00fal Figueroa, anunci\u00f3 que los ni\u00f1os, ni\u00f1as y j\u00f3venes no retornar\u00e1n de forma presencial a sus jardines infantiles, colegios o liceos hasta al menos el 24 de abril.<\/p>\n\n\n\n<p>\u201cSe ha resuelto extender la suspensi\u00f3n de clases por dos semanas m\u00e1s (desde lunes 30 de marzo al viernes 10 de abril), y anticipar las vacaciones de invierno (entre el lunes 13 al viernes 24 de abril), de esta forma durante casi todo el mes de abril no habr\u00e1 clases en los jardines infantiles y en los establecimientos educacionales\u201d, se\u00f1al\u00f3 el ministro Figueroa. Junto con ello, el per\u00edodo regular del a\u00f1o escolar se extender\u00e1 hasta fines de diciembre.<\/p>\n\n\n\n<p>Estas medidas \u201capuntan en la direcci\u00f3n adecuada de resguardar la salud de todos los chilenos, y asegurar que estas medidas sanitarias no afecten en demas\u00eda los aprendizajes de nuestros ni\u00f1os y j\u00f3venes\u201d, agreg\u00f3 el secretario de Estado.<\/p>\n\n\n\n<p><strong>Continuidad de aprendizajes<\/strong><strong><\/strong><\/p>\n\n\n\n<p>Es importante recalcar que, si bien las actividades acad\u00e9micas presenciales estar\u00e1n suspendidas, es necesario y primordial que los estudiantes contin\u00faen con su ritmo de estudio, considerando las condiciones actuales.<\/p>\n\n\n\n<p>El Ministerio de Educaci\u00f3n ha dispuesto una&nbsp;plataforma de aprendizaje remota&nbsp;<strong><a href=\"http:\/\/aprendoenlinea.mineduc.cl\/\" target=\"_blank\" rel=\"noreferrer noopener\">aprendoenlinea.mineduc.cl<\/a>&nbsp;<\/strong>para que todos los estudiantes desde preb\u00e1sica hasta 4\u00b0 medio contin\u00faen con sus aprendizajes a trav\u00e9s de distintos recursos educativos para todos los niveles de ense\u00f1anza. En esta web podr\u00e1n encontrar material de apoyo con textos de estudio, gu\u00edas de trabajo, material audiovisual y m\u00e1s de 10 mil libros disponibles en la Biblioteca Digital Escolar. A ra\u00edz de un convenio con ATELMO y para que los contenidos pedag\u00f3gicos lleguen a todos los alumnos, la plataforma web tiene liberada las gigas de internet.<\/p>\n\n\n\n<p>De forma paralela, para los estudiantes que no pueden acceder a estos contenidos por distintos problemas tecnol\u00f3gicos, el Mineduc contempla apoyo en documentos f\u00edsicos, donde los alumnos podr\u00e1n realizar actividades a trav\u00e9s de gu\u00edas u otros apoyos pedag\u00f3gicos.<\/p>\n\n\n\n<p><strong>Alimentaci\u00f3n Junaeb<\/strong><strong><\/strong><\/p>\n\n\n\n<p>A pesar de la suspensi\u00f3n de clases de forma presencial, el Gobierno tom\u00f3 la decisi\u00f3n de mantener el sistema de alimentaci\u00f3n Junaeb para m\u00e1s de un mill\u00f3n y medio de ni\u00f1os, ni\u00f1as y j\u00f3venes que reciben en sus establecimientos educacionales.<\/p>\n\n\n\n<p>\u201cEsta decisi\u00f3n signific\u00f3 un cambio log\u00edstico may\u00fasculo y \u00fanico en la forma en que se entregan estos alimentos, pasando de prepararlos y entregarlos en los comedores de los establecimientos, a la entrega de canastas individuales con la alimentaci\u00f3n por el per\u00edodo que dure la suspensi\u00f3n\u201d, asegur\u00f3 el ministro Figueroa.<\/p>\n\n\n\n<p>Es importante que, para una entrega coordinada de los alimentos, los padres y apoderados esperen el llamado de sus respectivos establecimientos educacionales, qui\u00e9nes les informar\u00e1n cu\u00e1ndo y en qu\u00e9 circunstancias podr\u00e1n retirar la canasta de alimentaci\u00f3n individual por estudiante.<\/p>\n\n\n\n<p><strong>Pago de subvenciones<\/strong><strong><\/strong><\/p>\n\n\n\n<p>Para todos los establecimientos educacionales que reciben subvenci\u00f3n escolar por parte del Ministerio de Educaci\u00f3n, como Gobierno se asegura que este pago no se ver\u00e1 interrumpido.<\/p>\n","protected":false},"excerpt":{"rendered":"<p>Este viernes se cumplen dos semanas de clases suspendidas en todos los establecimientos educacionales y jardines infantiles del pa\u00eds&nbsp;(municipales, particulares subvencionados, particulares pagados, dependientes de servicios locales de educaci\u00f3n o&#8230; <a class=\"read-more\" href=\"https:\/\/www.radiopresidenteibanez.cl\/web\/mineduc-extiende-periodo-de-suspension-de-clases-y-adelanta-vacaciones-de-invierno\/\">Leer m\u00e1s<\/a><\/p>\n","protected":false},"author":2,"featured_media":10547,"comment_status":"closed","ping_status":"closed","sticky":false,"template":"","format":"standard","meta":{"footnotes":""},"categories":[1],"tags":[],"class_list":["post-10546","post","type-post","status-publish","format-standard","has-post-thumbnail","hentry","category-cronica"],"_links":{"self":[{"href":"https:\/\/www.radiopresidenteibanez.cl\/web\/wp-json\/wp\/v2\/posts\/10546","targetHints":{"allow":["GET"]}}],"collection":[{"href":"https:\/\/www.radiopresidenteibanez.cl\/web\/wp-json\/wp\/v2\/posts"}],"about":[{"href":"https:\/\/www.radiopresidenteibanez.cl\/web\/wp-json\/wp\/v2\/types\/post"}],"author":[{"embeddable":true,"href":"https:\/\/www.radiopresidenteibanez.cl\/web\/wp-json\/wp\/v2\/users\/2"}],"replies":[{"embeddable":true,"href":"https:\/\/www.radiopresidenteibanez.cl\/web\/wp-json\/wp\/v2\/comments?post=10546"}],"version-history":[{"count":0,"href":"https:\/\/www.radiopresidenteibanez.cl\/web\/wp-json\/wp\/v2\/posts\/10546\/revisions"}],"wp:featuredmedia":[{"embeddable":true,"href":"https:\/\/www.radiopresidenteibanez.cl\/web\/wp-json\/wp\/v2\/media\/10547"}],"wp:attachment":[{"href":"https:\/\/www.radiopresidenteibanez.cl\/web\/wp-json\/wp\/v2\/media?parent=10546"}],"wp:term":[{"taxonomy":"category","embeddable":true,"href":"https:\/\/www.radiopresidenteibanez.cl\/web\/wp-json\/wp\/v2\/categories?post=10546"},{"taxonomy":"post_tag","embeddable":true,"href":"https:\/\/www.radiopresidenteibanez.cl\/web\/wp-json\/wp\/v2\/tags?post=10546"}],"curies":[{"name":"wp","href":"https:\/\/api.w.org\/{rel}","templated":true}]}}