{"id":1053,"date":"2019-02-04T01:31:35","date_gmt":"2019-02-04T01:31:35","guid":{"rendered":"http:\/\/www.radiopresidenteibanez.cl\/web\/?p=1053"},"modified":"2019-02-04T01:31:53","modified_gmt":"2019-02-04T01:31:53","slug":"temperaturas-bordearon-los-25-grados-en-las-diferentes-comunas-de-magallanes","status":"publish","type":"post","link":"https:\/\/www.radiopresidenteibanez.cl\/web\/temperaturas-bordearon-los-25-grados-en-las-diferentes-comunas-de-magallanes\/","title":{"rendered":"TEMPERATURAS BORDEARON LOS 25 GRADOS EN LAS DIFERENTES COMUNAS DE MAGALLANES"},"content":{"rendered":"\n<p>Hasta este martes, deber\u00edan seguir las altas temperaturas en la Regi\u00f3n de Magallanes, este domingo (3 de febrero) alcanzaron cerca de los 25 grados en las distintas comunas de la regi\u00f3n, excepto Puerto Natales y Torres del Paine que bordearon los 28 grados.<\/p>\n","protected":false},"excerpt":{"rendered":"<p>Hasta este martes, deber\u00edan seguir las altas temperaturas en la Regi\u00f3n de Magallanes, este domingo (3 de febrero) alcanzaron cerca de los 25 grados en las distintas comunas de la&#8230; <a class=\"read-more\" href=\"https:\/\/www.radiopresidenteibanez.cl\/web\/temperaturas-bordearon-los-25-grados-en-las-diferentes-comunas-de-magallanes\/\">Leer m\u00e1s<\/a><\/p>\n","protected":false},"author":2,"featured_media":1054,"comment_status":"closed","ping_status":"closed","sticky":false,"template":"","format":"standard","meta":{"footnotes":""},"categories":[1],"tags":[],"class_list":["post-1053","post","type-post","status-publish","format-standard","has-post-thumbnail","hentry","category-cronica"],"_links":{"self":[{"href":"https:\/\/www.radiopresidenteibanez.cl\/web\/wp-json\/wp\/v2\/posts\/1053","targetHints":{"allow":["GET"]}}],"collection":[{"href":"https:\/\/www.radiopresidenteibanez.cl\/web\/wp-json\/wp\/v2\/posts"}],"about":[{"href":"https:\/\/www.radiopresidenteibanez.cl\/web\/wp-json\/wp\/v2\/types\/post"}],"author":[{"embeddable":true,"href":"https:\/\/www.radiopresidenteibanez.cl\/web\/wp-json\/wp\/v2\/users\/2"}],"replies":[{"embeddable":true,"href":"https:\/\/www.radiopresidenteibanez.cl\/web\/wp-json\/wp\/v2\/comments?post=1053"}],"version-history":[{"count":0,"href":"https:\/\/www.radiopresidenteibanez.cl\/web\/wp-json\/wp\/v2\/posts\/1053\/revisions"}],"wp:featuredmedia":[{"embeddable":true,"href":"https:\/\/www.radiopresidenteibanez.cl\/web\/wp-json\/wp\/v2\/media\/1054"}],"wp:attachment":[{"href":"https:\/\/www.radiopresidenteibanez.cl\/web\/wp-json\/wp\/v2\/media?parent=1053"}],"wp:term":[{"taxonomy":"category","embeddable":true,"href":"https:\/\/www.radiopresidenteibanez.cl\/web\/wp-json\/wp\/v2\/categories?post=1053"},{"taxonomy":"post_tag","embeddable":true,"href":"https:\/\/www.radiopresidenteibanez.cl\/web\/wp-json\/wp\/v2\/tags?post=1053"}],"curies":[{"name":"wp","href":"https:\/\/api.w.org\/{rel}","templated":true}]}}