{"id":10527,"date":"2020-03-25T17:25:36","date_gmt":"2020-03-25T17:25:36","guid":{"rendered":"https:\/\/www.radiopresidenteibanez.cl\/web\/?p=10527"},"modified":"2020-03-25T17:25:40","modified_gmt":"2020-03-25T17:25:40","slug":"senador-carlos-bianchi-solicito-incluir-a-quienes-se-desempenan-en-transporte-de-taxi-y-taxicolectivos-en-plan-de-ayuda-social-que-otorgara-el-gobierno-por-crisis-sanitaria","status":"publish","type":"post","link":"https:\/\/www.radiopresidenteibanez.cl\/web\/senador-carlos-bianchi-solicito-incluir-a-quienes-se-desempenan-en-transporte-de-taxi-y-taxicolectivos-en-plan-de-ayuda-social-que-otorgara-el-gobierno-por-crisis-sanitaria\/","title":{"rendered":"SENADOR CARLOS BIANCHI SOLICIT\u00d3 INCLUIR A QUIENES SE DESEMPE\u00d1AN EN TRANSPORTE DE TAXI Y TAXICOLECTIVOS EN PLAN DE AYUDA SOCIAL QUE OTORGAR\u00c1 EL GOBIERNO POR CRISIS SANITARIA"},"content":{"rendered":"\n<p>Este mediod\u00eda fue aprobado en el senador el proyecto de ley\nque prorroga la vigencia de licencias de conducir en el pa\u00eds mientras dure la\nemergencia sanitaria que afecta al pa\u00eds producto del avance del coronavirus.<\/p>\n\n\n\n<p>Al respecto el senador de Magallanes efectu\u00f3 dos alcances a\nla discusi\u00f3n. En primer lugar pidi\u00f3 tener en cuenta que en el caso de\nMagallanes los conductores de transporte de carga deben pasar obligatoriamente\nv\u00eda terrestre por Argentina, de all\u00ed que esta modificaci\u00f3n legal,&nbsp; deba ser comunicada a los pa\u00edses vecinos para\nque est\u00e9n al tanto de estos cambios legales.<\/p>\n\n\n\n<p><em>\u201cse debe tomar la\nprecauci\u00f3n de dar cuenta particularmente en el caso de Magallanes, a Argentina\npara que esas autoridades tomen conocimiento de esta modificaci\u00f3n legal que\nampl\u00eda la vigencia de la licencias de conducir, en especial si consideramos que\nun porcentaje mayor de abastecimientos de suministros de consumos b\u00e1sicos y\notros se hacen v\u00eda terrestre por territorio argentino para llegar a la regi\u00f3n\u201d <\/em>dijo Bianchi<\/p>\n\n\n\n<p>En este contexto dijo que resulta importante esta pr\u00f3rroga\ndebido a que actualmente los municipios no cuentan con los recursos humanos\npara atender a las personas que requieren renovar sus licencias, por lo que\nconcurri\u00f3 favorablemente con su voto apoyando la iniciativa.<\/p>\n\n\n\n<p>Hizo oportuna la discusi\u00f3n de esta ley para que el Gobierno\nacoja la solicitud de incluir a los trabajadores que se desempe\u00f1an de manera\nindependiente en el transporte de taxi y taxi colectivos dentro de los\nbeneficiarios de los planes de ayuda social que se han anunciado.<\/p>\n\n\n\n<p><em>\u201cEs del todo justo que\nel Gobierno entienda que la situaci\u00f3n econ\u00f3mica que est\u00e1 afectado a los del\ntransporte menor de pasajeros, es delicada, no hay mayor movimiento de personas\nen las calles por ende el transporte menor ha quedado reducido y por ende\naquellas personas que trabajan en el rubro y que deben pagar la cuota diaria y\nser el sost\u00e9n de sus hogares no est\u00e1n teniendo ingresos\u2026 por ello es necesario\ny urgente que el Gobierno encuentre y abra una f\u00f3rmula para que les llegue la\nayuda y aporte social que vamos a tramitar\u201d <\/em>dijo el senador Carlos Bianchi.<\/p>\n\n\n\n<p>Para las pr\u00f3ximas horas se contempla adem\u00e1s que el Senado se\npronuncie respeto al proyecto de ley presentado por el parlamentario\nmagall\u00e1nico para que las empresas de servicios b\u00e1sicos de luz, agua y gas\nsuspendan los cobros y cortes que puedan producirse por moras, en el contexto\nde la pandemia que afecta al pa\u00eds.<\/p>\n","protected":false},"excerpt":{"rendered":"<p>Este mediod\u00eda fue aprobado en el senador el proyecto de ley que prorroga la vigencia de licencias de conducir en el pa\u00eds mientras dure la emergencia sanitaria que afecta al&#8230; <a class=\"read-more\" href=\"https:\/\/www.radiopresidenteibanez.cl\/web\/senador-carlos-bianchi-solicito-incluir-a-quienes-se-desempenan-en-transporte-de-taxi-y-taxicolectivos-en-plan-de-ayuda-social-que-otorgara-el-gobierno-por-crisis-sanitaria\/\">Leer m\u00e1s<\/a><\/p>\n","protected":false},"author":2,"featured_media":1915,"comment_status":"closed","ping_status":"closed","sticky":false,"template":"","format":"standard","meta":{"footnotes":""},"categories":[1],"tags":[],"class_list":["post-10527","post","type-post","status-publish","format-standard","has-post-thumbnail","hentry","category-cronica"],"_links":{"self":[{"href":"https:\/\/www.radiopresidenteibanez.cl\/web\/wp-json\/wp\/v2\/posts\/10527","targetHints":{"allow":["GET"]}}],"collection":[{"href":"https:\/\/www.radiopresidenteibanez.cl\/web\/wp-json\/wp\/v2\/posts"}],"about":[{"href":"https:\/\/www.radiopresidenteibanez.cl\/web\/wp-json\/wp\/v2\/types\/post"}],"author":[{"embeddable":true,"href":"https:\/\/www.radiopresidenteibanez.cl\/web\/wp-json\/wp\/v2\/users\/2"}],"replies":[{"embeddable":true,"href":"https:\/\/www.radiopresidenteibanez.cl\/web\/wp-json\/wp\/v2\/comments?post=10527"}],"version-history":[{"count":0,"href":"https:\/\/www.radiopresidenteibanez.cl\/web\/wp-json\/wp\/v2\/posts\/10527\/revisions"}],"wp:featuredmedia":[{"embeddable":true,"href":"https:\/\/www.radiopresidenteibanez.cl\/web\/wp-json\/wp\/v2\/media\/1915"}],"wp:attachment":[{"href":"https:\/\/www.radiopresidenteibanez.cl\/web\/wp-json\/wp\/v2\/media?parent=10527"}],"wp:term":[{"taxonomy":"category","embeddable":true,"href":"https:\/\/www.radiopresidenteibanez.cl\/web\/wp-json\/wp\/v2\/categories?post=10527"},{"taxonomy":"post_tag","embeddable":true,"href":"https:\/\/www.radiopresidenteibanez.cl\/web\/wp-json\/wp\/v2\/tags?post=10527"}],"curies":[{"name":"wp","href":"https:\/\/api.w.org\/{rel}","templated":true}]}}