{"id":10507,"date":"2020-03-24T18:59:50","date_gmt":"2020-03-24T18:59:50","guid":{"rendered":"https:\/\/www.radiopresidenteibanez.cl\/web\/?p=10507"},"modified":"2020-03-24T18:59:58","modified_gmt":"2020-03-24T18:59:58","slug":"cchc-llama-a-las-empresas-del-sector-a-adaptar-sus-sistemas-de-trabajo-y-extremar-medidas-de-prevencion","status":"publish","type":"post","link":"https:\/\/www.radiopresidenteibanez.cl\/web\/cchc-llama-a-las-empresas-del-sector-a-adaptar-sus-sistemas-de-trabajo-y-extremar-medidas-de-prevencion\/","title":{"rendered":"CChC LLAMA A LAS EMPRESAS DEL SECTOR A ADAPTAR SUS SISTEMAS DE TRABAJO Y EXTREMAR MEDIDAS DE PREVENCI\u00d3N"},"content":{"rendered":"\n<p>Ante la creciente propagaci\u00f3n del COVID-19 en el pa\u00eds, la C\u00e1mara Chilena de la Construcci\u00f3n (CChC) dio a conocer un conjunto de recomendaciones para prevenir el contagio de esta enfermedad al interior de las obras. El Protocolo Sanitario para Obras de la Construcci\u00f3n&nbsp;fue elaborado por los profesionales del gremio en coordinaci\u00f3n con los ministerios de Trabajo y Econom\u00eda y socializado con los ministerios de Vivienda y Obras P\u00fablicas.<\/p>\n\n\n\n<p>Este documento est\u00e1 siendo entregado por el gremio a todos sus socios y promueve, por ejemplo, dado que en la construcci\u00f3n es imposible implementar la modalidad de teletrabajo, que las empresas difieran los horarios de entrada y salida al trabajo, de modo de evitar en lo posible que sus trabajadores queden expuestos a las aglomeraciones en el transporte p\u00fablico, y que la jornada laboral se distribuya en turnos, para as\u00ed lograr un mayor distanciamiento entre las personas.<\/p>\n\n\n\n<p>Adem\u00e1s, el Protocolo recomienda estrictas medidas de higiene al inicio, durante y al t\u00e9rmino de las faenas, as\u00ed como cambios en los h\u00e1bitos y las rutinas de coordinaci\u00f3n de las tareas. Tambi\u00e9n incluye indicaciones para actuar en caso de sospecha de contagio y la recomendaci\u00f3n expresa de que las personas que son parte de grupos de riesgo no asistan al trabajo.&nbsp;<\/p>\n\n\n\n<p>Se espera que este Protocolo sea aplicado \u00edntegramente por las empresas del sector ya que apunta tanto a cuidar la salud de los trabajadores como a mantener en lo posible la continuidad de las operaciones en los t\u00e9rminos que han definido las autoridades nacionales. Con ello se estar\u00edan adem\u00e1s protegiendo las fuentes de trabajo y, por ende, los ingresos familiares, siempre en un marco de di\u00e1logo permanente entre las empresas y sus trabajadores.<\/p>\n\n\n\n<p>En el mensaje con que present\u00f3 el Protocolo Sanitario para Obras de Construcci\u00f3n, el presidente de la CChC, Patricio Donoso, llam\u00f3 a los m\u00e1ximos ejecutivos de las empresas socias a que ejerzan su liderazgo para la aplicaci\u00f3n y el cumplimiento de estas medidas o, de lo contrario, que consideren la paralizaci\u00f3n de las obras donde ello no sea posible.&nbsp;&nbsp;<\/p>\n","protected":false},"excerpt":{"rendered":"<p>Ante la creciente propagaci\u00f3n del COVID-19 en el pa\u00eds, la C\u00e1mara Chilena de la Construcci\u00f3n (CChC) dio a conocer un conjunto de recomendaciones para prevenir el contagio de esta enfermedad&#8230; <a class=\"read-more\" href=\"https:\/\/www.radiopresidenteibanez.cl\/web\/cchc-llama-a-las-empresas-del-sector-a-adaptar-sus-sistemas-de-trabajo-y-extremar-medidas-de-prevencion\/\">Leer m\u00e1s<\/a><\/p>\n","protected":false},"author":2,"featured_media":10508,"comment_status":"closed","ping_status":"closed","sticky":false,"template":"","format":"standard","meta":{"footnotes":""},"categories":[1],"tags":[],"class_list":["post-10507","post","type-post","status-publish","format-standard","has-post-thumbnail","hentry","category-cronica"],"_links":{"self":[{"href":"https:\/\/www.radiopresidenteibanez.cl\/web\/wp-json\/wp\/v2\/posts\/10507","targetHints":{"allow":["GET"]}}],"collection":[{"href":"https:\/\/www.radiopresidenteibanez.cl\/web\/wp-json\/wp\/v2\/posts"}],"about":[{"href":"https:\/\/www.radiopresidenteibanez.cl\/web\/wp-json\/wp\/v2\/types\/post"}],"author":[{"embeddable":true,"href":"https:\/\/www.radiopresidenteibanez.cl\/web\/wp-json\/wp\/v2\/users\/2"}],"replies":[{"embeddable":true,"href":"https:\/\/www.radiopresidenteibanez.cl\/web\/wp-json\/wp\/v2\/comments?post=10507"}],"version-history":[{"count":0,"href":"https:\/\/www.radiopresidenteibanez.cl\/web\/wp-json\/wp\/v2\/posts\/10507\/revisions"}],"wp:featuredmedia":[{"embeddable":true,"href":"https:\/\/www.radiopresidenteibanez.cl\/web\/wp-json\/wp\/v2\/media\/10508"}],"wp:attachment":[{"href":"https:\/\/www.radiopresidenteibanez.cl\/web\/wp-json\/wp\/v2\/media?parent=10507"}],"wp:term":[{"taxonomy":"category","embeddable":true,"href":"https:\/\/www.radiopresidenteibanez.cl\/web\/wp-json\/wp\/v2\/categories?post=10507"},{"taxonomy":"post_tag","embeddable":true,"href":"https:\/\/www.radiopresidenteibanez.cl\/web\/wp-json\/wp\/v2\/tags?post=10507"}],"curies":[{"name":"wp","href":"https:\/\/api.w.org\/{rel}","templated":true}]}}