{"id":10496,"date":"2020-03-24T18:45:17","date_gmt":"2020-03-24T18:45:17","guid":{"rendered":"https:\/\/www.radiopresidenteibanez.cl\/web\/?p=10496"},"modified":"2020-03-24T18:45:23","modified_gmt":"2020-03-24T18:45:23","slug":"inach-dispuso-medidas-precautorias-en-antartica-por-avance-de-la-pandemia-de-covid-19","status":"publish","type":"post","link":"https:\/\/www.radiopresidenteibanez.cl\/web\/inach-dispuso-medidas-precautorias-en-antartica-por-avance-de-la-pandemia-de-covid-19\/","title":{"rendered":"INACH DISPUSO MEDIDAS PRECAUTORIAS EN ANT\u00c1RTICA POR AVANCE DE LA PANDEMIA DE COVID-19"},"content":{"rendered":"\n<p>En virtud de la contingencia nacional y mundial\nproducida por la actual pandemia de COVID-19 (Coronavirus), el Instituto\nAnt\u00e1rtico Chileno (INACH) ha dispuesto una serie de medidas para prevenir y\nevitar la introducci\u00f3n de este virus pat\u00f3geno a la Ant\u00e1rtica.<\/p>\n\n\n\n<p>Dadas las condiciones especiales del trabajo\npolar, se instruy\u00f3 reducir el alcance de las operaciones asociadas a la LVI\nExpedici\u00f3n Cient\u00edfica Ant\u00e1rtica (ECA 56). Teniendo en cuenta adem\u00e1s que las\ndistintas puertas de entrada al Continente Blanco (por v\u00edas mar\u00edtima y a\u00e9rea)\nse est\u00e1n viendo afectadas por las medidas adoptadas por la autoridades\nnacionales, lo que incluye las cadenas de suministro, las restricciones de\nviaje, los requisitos de aislamiento y las capacidades de respuesta. En este\nsentido, la recomendaci\u00f3n de cesar y suspender los desplazamientos de personal\ny transporte de carga, debido a los riesgos potenciales de la pandemia en todas\nlas puertas ant\u00e1rticas y la capacidad limitada de responder m\u00e9dicamente en\ndicha zona remota.<\/p>\n\n\n\n<p>Tambi\u00e9n se cerr\u00f3 el acceso de turistas a todas\nlas dependencias del Programa Ant\u00e1rtico Chileno y cualquier interacci\u00f3n con su\npersonal, ya que podr\u00eda originar un brote de p\u00e9simo pron\u00f3stico. Adem\u00e1s, debido\na las interacciones log\u00edsticas, se recomend\u00f3 a los cruceros no desembarcar.<\/p>\n\n\n\n<p>Cabe se\u00f1alar que, la probabilidad de un caso\ngrave de COVID-19 en una poblaci\u00f3n ant\u00e1rtica puede considerarse relativamente\nbaja, sobre la base que se asume que el perfil de edad y condici\u00f3n f\u00edsica de\ncient\u00edficos, log\u00edsticos y militares es apta. No obstante, la mayor\u00eda de las\npersonas sanas podr\u00edan experimentar s\u00edntomas leves de la enfermedad pero que\ntendr\u00e1 un impacto importante en la capacidad operativa.&nbsp; <\/p>\n\n\n\n<p>Asimismo, se ha demostrado un desprendimiento\nviral cr\u00edtico asintom\u00e1tico (hasta 48 horas antes de los s\u00edntomas) y prolongado\n(de d\u00edas a semanas) que aumenta el riesgo de propagaci\u00f3n. El virus puede\nsobrevivir hasta nueve d\u00edas en superficies y las condiciones fr\u00edas y secas\ncontribuyen a que este agente permanezca viable por m\u00e1s tiempo. <\/p>\n\n\n\n<p><strong>Cierre de bases y\nretiro de investigadores<\/strong><\/p>\n\n\n\n<p>Por estas razones, es que desde el 1 de febrero a\nla fecha, se han adoptado medidas preventivas, con la finalidad de minimizar el\nriesgo de contagio y se ha procedido a evacuar, lo m\u00e1s pronto posible, al\npersonal log\u00edstico y cient\u00edfico, as\u00ed como tambi\u00e9n para controlar eventuales\ningresos de personas expuestas desde fuera de Ant\u00e1rtica. De esta manera, un\nprimer grupo de investigadores sali\u00f3 de la estaci\u00f3n cient\u00edfica ant\u00e1rtica Luis\nRisopatr\u00f3n durante el mes de febrero. Durante la primera quincena de marzo, se\ndispuso el cierre de la base ant\u00e1rtica Yelcho del INACH y de los laboratorios\nde INACH de la base naval Arturo Prat de la Armada de Chile.<\/p>\n\n\n\n<p>Tambi\u00e9n se suspendi\u00f3 la expedici\u00f3n cient\u00edfica del\nBuque Aquiles a bah\u00eda Margarita, decisi\u00f3n que se fundamenta en el cambio de\nestatus a pandemia de COVID-19, como en el riesgo de que un portador asintom\u00e1tico\npresentara sintomatolog\u00eda en el punto m\u00e1s remoto de esta campa\u00f1a, es decir,\ndentro del C\u00edrculo Polar en bah\u00eda Margarita. Por lo que trece investigadores\ndesembarcaron en la base Profesor Julio Escudero y saldr\u00edan el 24 de marzo por\nv\u00eda a\u00e9rea, poniendo fin a su participaci\u00f3n en la ECA 56, una de las campa\u00f1as\ncient\u00edficas m\u00e1s extensas que INACH haya realizado en m\u00e1s de medio siglo.<\/p>\n","protected":false},"excerpt":{"rendered":"<p>En virtud de la contingencia nacional y mundial producida por la actual pandemia de COVID-19 (Coronavirus), el Instituto Ant\u00e1rtico Chileno (INACH) ha dispuesto una serie de medidas para prevenir y&#8230; <a class=\"read-more\" href=\"https:\/\/www.radiopresidenteibanez.cl\/web\/inach-dispuso-medidas-precautorias-en-antartica-por-avance-de-la-pandemia-de-covid-19\/\">Leer m\u00e1s<\/a><\/p>\n","protected":false},"author":2,"featured_media":10497,"comment_status":"closed","ping_status":"closed","sticky":false,"template":"","format":"standard","meta":{"footnotes":""},"categories":[1],"tags":[],"class_list":["post-10496","post","type-post","status-publish","format-standard","has-post-thumbnail","hentry","category-cronica"],"_links":{"self":[{"href":"https:\/\/www.radiopresidenteibanez.cl\/web\/wp-json\/wp\/v2\/posts\/10496","targetHints":{"allow":["GET"]}}],"collection":[{"href":"https:\/\/www.radiopresidenteibanez.cl\/web\/wp-json\/wp\/v2\/posts"}],"about":[{"href":"https:\/\/www.radiopresidenteibanez.cl\/web\/wp-json\/wp\/v2\/types\/post"}],"author":[{"embeddable":true,"href":"https:\/\/www.radiopresidenteibanez.cl\/web\/wp-json\/wp\/v2\/users\/2"}],"replies":[{"embeddable":true,"href":"https:\/\/www.radiopresidenteibanez.cl\/web\/wp-json\/wp\/v2\/comments?post=10496"}],"version-history":[{"count":0,"href":"https:\/\/www.radiopresidenteibanez.cl\/web\/wp-json\/wp\/v2\/posts\/10496\/revisions"}],"wp:featuredmedia":[{"embeddable":true,"href":"https:\/\/www.radiopresidenteibanez.cl\/web\/wp-json\/wp\/v2\/media\/10497"}],"wp:attachment":[{"href":"https:\/\/www.radiopresidenteibanez.cl\/web\/wp-json\/wp\/v2\/media?parent=10496"}],"wp:term":[{"taxonomy":"category","embeddable":true,"href":"https:\/\/www.radiopresidenteibanez.cl\/web\/wp-json\/wp\/v2\/categories?post=10496"},{"taxonomy":"post_tag","embeddable":true,"href":"https:\/\/www.radiopresidenteibanez.cl\/web\/wp-json\/wp\/v2\/tags?post=10496"}],"curies":[{"name":"wp","href":"https:\/\/api.w.org\/{rel}","templated":true}]}}