{"id":10391,"date":"2020-03-20T01:51:29","date_gmt":"2020-03-20T01:51:29","guid":{"rendered":"https:\/\/www.radiopresidenteibanez.cl\/web\/?p=10391"},"modified":"2020-03-20T01:51:34","modified_gmt":"2020-03-20T01:51:34","slug":"concejal-german-flores-solicita-que-recursos-de-la-via-elevada-sean-destinados-a-los-municipios-y-pymes-de-la-region-ante-situacion-del-covid-19","status":"publish","type":"post","link":"https:\/\/www.radiopresidenteibanez.cl\/web\/concejal-german-flores-solicita-que-recursos-de-la-via-elevada-sean-destinados-a-los-municipios-y-pymes-de-la-region-ante-situacion-del-covid-19\/","title":{"rendered":"CONCEJAL GERM\u00c1N FLORES SOLICITA QUE RECURSOS DE LA V\u00cdA ELEVADA SEAN DESTINADOS A LOS MUNICIPIOS Y PYMES DE LA REGI\u00d3N ANTE SITUACI\u00d3N DEL COVID-19"},"content":{"rendered":"\n<p>Mediante oficio remitido al\nintendente regional con copia a los alcaldes de las comunas de la regi\u00f3n, el\nconcejal de Germ\u00e1n Flores solicit\u00f3 que ante la crisis sanitaria que est\u00e1\nviviendo nuestro pa\u00eds a ra\u00edz del Coronavirus &nbsp;y en concordancia con los anuncios efectuados\npor su Presidente de la Rep\u00fablica Sebasti\u00e1n Pi\u00f1era, que el proyecto de la v\u00eda\nelevada de la ciudad de Punta Arenas sea postergado, para que de esta forma,\nlos 23 mil millones de pesos de esta obra, sean destinados a los 10 municipios\nde la regi\u00f3n.<\/p>\n\n\n\n<p>En la misiva el concejal le\nexpresa al intendente que, en su calidad de m\u00e1xima autoridad regional, pueda\noficiar a las autoridades nacionales, Presidente de la Rep\u00fablica, Ministro de\nHacienda y Ministro de Obras P\u00fablicas, que recursos se traspasen a las\nmunicipalidades, como a su vez apoyar a las peque\u00f1as y medianas empresas de la\nzona, todo ello, por el efecto econ\u00f3micos que significar\u00e1 en los pr\u00f3ximos tres\nmeses la crisis sanitaria que viviremos.<\/p>\n\n\n\n<p>\u201cCreo que el actual panorama y\ntal como lo se\u00f1al\u00f3 el Presidente de la Republica, hace que como naci\u00f3n y\nprincipalmente como regi\u00f3n, centremos nuestros esfuerzos \u00fanica y exclusivamente\nen poder atenuar los efectos econ\u00f3micos que sufrir\u00e1 nuestro pa\u00eds, por lo que\nestoy convencido que los 23 mil millones de pesos, nos permitir\u00e1 poder soportar\nde mejor manera la crisis en la zona\u201d, expres\u00f3 el concejal Germ\u00e1n Flores.<\/p>\n\n\n\n<p>Quien m\u00e1s adelante agreg\u00f3, \u201cMi\nsolicitud nace a partir del dif\u00edcil panorama econ\u00f3mico que en los pr\u00f3ximos\nmeses enfrentar\u00e1n las municipalidades de la regi\u00f3n, pues tendr\u00e1n menos ingresos\npor conceptos de pago de permisos de circulaci\u00f3n, renovaci\u00f3n de patentes\ncomerciales, licencias de conducir, entre otros, y en el caso de la\nmunicipalidad de Punta Arenas, nos veremos afectados por la disminuci\u00f3n de los\nrecursos por conceptos de casino y otros \u00edtem\u201d.<\/p>\n\n\n\n<p>Finalmente el concejal Germ\u00e1n\nFlores manifest\u00f3 que, sin duda y considerando que nuestro pa\u00eds hoy est\u00e1\ndecretado en Estado de Cat\u00e1strofe, existe plena flexibilidad administrativa en\nmateria de poder paralizar obras y proyectos, reorientando recursos para hacer\nfrente a las necesidades que hoy tenemos como naci\u00f3n por efectos del\ncoronavirus.<\/p>\n","protected":false},"excerpt":{"rendered":"<p>Mediante oficio remitido al intendente regional con copia a los alcaldes de las comunas de la regi\u00f3n, el concejal de Germ\u00e1n Flores solicit\u00f3 que ante la crisis sanitaria que est\u00e1&#8230; <a class=\"read-more\" href=\"https:\/\/www.radiopresidenteibanez.cl\/web\/concejal-german-flores-solicita-que-recursos-de-la-via-elevada-sean-destinados-a-los-municipios-y-pymes-de-la-region-ante-situacion-del-covid-19\/\">Leer m\u00e1s<\/a><\/p>\n","protected":false},"author":2,"featured_media":2006,"comment_status":"closed","ping_status":"closed","sticky":false,"template":"","format":"standard","meta":{"footnotes":""},"categories":[1],"tags":[],"class_list":["post-10391","post","type-post","status-publish","format-standard","has-post-thumbnail","hentry","category-cronica"],"_links":{"self":[{"href":"https:\/\/www.radiopresidenteibanez.cl\/web\/wp-json\/wp\/v2\/posts\/10391","targetHints":{"allow":["GET"]}}],"collection":[{"href":"https:\/\/www.radiopresidenteibanez.cl\/web\/wp-json\/wp\/v2\/posts"}],"about":[{"href":"https:\/\/www.radiopresidenteibanez.cl\/web\/wp-json\/wp\/v2\/types\/post"}],"author":[{"embeddable":true,"href":"https:\/\/www.radiopresidenteibanez.cl\/web\/wp-json\/wp\/v2\/users\/2"}],"replies":[{"embeddable":true,"href":"https:\/\/www.radiopresidenteibanez.cl\/web\/wp-json\/wp\/v2\/comments?post=10391"}],"version-history":[{"count":0,"href":"https:\/\/www.radiopresidenteibanez.cl\/web\/wp-json\/wp\/v2\/posts\/10391\/revisions"}],"wp:featuredmedia":[{"embeddable":true,"href":"https:\/\/www.radiopresidenteibanez.cl\/web\/wp-json\/wp\/v2\/media\/2006"}],"wp:attachment":[{"href":"https:\/\/www.radiopresidenteibanez.cl\/web\/wp-json\/wp\/v2\/media?parent=10391"}],"wp:term":[{"taxonomy":"category","embeddable":true,"href":"https:\/\/www.radiopresidenteibanez.cl\/web\/wp-json\/wp\/v2\/categories?post=10391"},{"taxonomy":"post_tag","embeddable":true,"href":"https:\/\/www.radiopresidenteibanez.cl\/web\/wp-json\/wp\/v2\/tags?post=10391"}],"curies":[{"name":"wp","href":"https:\/\/api.w.org\/{rel}","templated":true}]}}