{"id":10389,"date":"2020-03-20T01:46:53","date_gmt":"2020-03-20T01:46:53","guid":{"rendered":"https:\/\/www.radiopresidenteibanez.cl\/web\/?p=10389"},"modified":"2020-03-20T01:46:57","modified_gmt":"2020-03-20T01:46:57","slug":"caja-los-heroes-informa-sobre-atencion-exclusiva-para-mayores-de-75-anos-este-fin-de-semana","status":"publish","type":"post","link":"https:\/\/www.radiopresidenteibanez.cl\/web\/caja-los-heroes-informa-sobre-atencion-exclusiva-para-mayores-de-75-anos-este-fin-de-semana\/","title":{"rendered":"CAJA LOS H\u00c9ROES INFORMA SOBRE ATENCI\u00d3N EXCLUSIVA PARA MAYORES DE 75 A\u00d1OS ESTE FIN DE SEMANA"},"content":{"rendered":"\n<p>Tal como anunci\u00f3 el subsecretario de Previsi\u00f3n Social, Pedro Pizarro, considerando la situaci\u00f3n que enfrenta el pa\u00eds por la pandemia del coronavirus, y en l\u00ednea con las recomendaciones de las autoridades de salud, hemos dispuesto&nbsp;<strong>medidas extraordinarias para proteger a los grupos vulnerables.<\/strong><\/p>\n\n\n\n<p>Para ello&nbsp;<strong>nuestras sucursales estar\u00e1n abiertas este fin de semana de 9:00hrs a 18:00hrs en forma exclusiva para los beneficiarios titulares mayores de 75 a\u00f1os,&nbsp;<\/strong>para que puedan&nbsp;<strong>recibir su pago sin congesti\u00f3n y&nbsp;<a>en sucursales con ambiente controlado y sanitizad<\/a>o.<\/strong><\/p>\n\n\n\n<p>Tambi\u00e9n hemos implementado medidas de protecci\u00f3n entre nuestros usuarios y beneficiarios. Entre ellas destaca la sanitizaci\u00f3n de sucursales con un aumento de frecuencia y profundidad de limpieza de los espacios compartidos, junto al incremento de la concentraci\u00f3n de elementos qu\u00edmicos de limpieza de forma de potenciar su efectividad.<\/p>\n\n\n\n<p>Tambi\u00e9n recomendamos a todos nuestros usuarios preferir los horarios de menor afluencia de p\u00fablico durante la semana, que son entre 13:00 y 14:00 horas y entre 16:30 y 18:00 horas, junto con respetar el calendario de pago asignado para evitar mayor flujo en las sucursales. Adicionalmente estamos utilizando un protocolo de salud, permitiendo un m\u00e1ximo de 50 personas dentro de las sucursales con el objeto de mantener l\u00edmites de concentraci\u00f3n de personas, por posibles contagios.<\/p>\n\n\n\n<p>Junto con esto, y para asegurar que en los pr\u00f3ximos pagos durante este periodo de emergencia sanitaria y que los pensionados eviten salir, estamos implementado la modalidad de pago a trav\u00e9s de cuenta Prepago Los H\u00e9roes.<\/p>\n\n\n\n<p>Esta cuenta no tendr\u00e1 ning\u00fan costo ni l\u00edmite de transacciones durante cuatro meses y, en ella, los usuarios podr\u00e1n recibir la pensi\u00f3n o beneficios sociales y realizar compras en el comercio, transferencias electr\u00f3nicas, giros en cajeros redbanc y sucursales Los H\u00e9roes.<\/p>\n\n\n\n<p>Es importante recalcar que, al momento de entregar la tarjeta de Prepago, se capacitar\u00e1 al pensionado respecto al uso correcto y responsable de este medio de pago, el cual permite realizar giros y realizar compras en comercios nacionales y por internet.<\/p>\n\n\n\n<p>Finalmente, para poder consultar las sucursales que abrir\u00e1n este fin de semana, se puede visitar&nbsp;<a href=\"http:\/\/wwwlosheroes.cl\/\" target=\"_blank\" rel=\"noreferrer noopener\">wwwlosheroes.cl<\/a>.<br><\/p>\n","protected":false},"excerpt":{"rendered":"<p>Tal como anunci\u00f3 el subsecretario de Previsi\u00f3n Social, Pedro Pizarro, considerando la situaci\u00f3n que enfrenta el pa\u00eds por la pandemia del coronavirus, y en l\u00ednea con las recomendaciones de las&#8230; <a class=\"read-more\" href=\"https:\/\/www.radiopresidenteibanez.cl\/web\/caja-los-heroes-informa-sobre-atencion-exclusiva-para-mayores-de-75-anos-este-fin-de-semana\/\">Leer m\u00e1s<\/a><\/p>\n","protected":false},"author":2,"featured_media":3800,"comment_status":"closed","ping_status":"closed","sticky":false,"template":"","format":"standard","meta":{"footnotes":""},"categories":[1],"tags":[],"class_list":["post-10389","post","type-post","status-publish","format-standard","has-post-thumbnail","hentry","category-cronica"],"_links":{"self":[{"href":"https:\/\/www.radiopresidenteibanez.cl\/web\/wp-json\/wp\/v2\/posts\/10389","targetHints":{"allow":["GET"]}}],"collection":[{"href":"https:\/\/www.radiopresidenteibanez.cl\/web\/wp-json\/wp\/v2\/posts"}],"about":[{"href":"https:\/\/www.radiopresidenteibanez.cl\/web\/wp-json\/wp\/v2\/types\/post"}],"author":[{"embeddable":true,"href":"https:\/\/www.radiopresidenteibanez.cl\/web\/wp-json\/wp\/v2\/users\/2"}],"replies":[{"embeddable":true,"href":"https:\/\/www.radiopresidenteibanez.cl\/web\/wp-json\/wp\/v2\/comments?post=10389"}],"version-history":[{"count":0,"href":"https:\/\/www.radiopresidenteibanez.cl\/web\/wp-json\/wp\/v2\/posts\/10389\/revisions"}],"wp:featuredmedia":[{"embeddable":true,"href":"https:\/\/www.radiopresidenteibanez.cl\/web\/wp-json\/wp\/v2\/media\/3800"}],"wp:attachment":[{"href":"https:\/\/www.radiopresidenteibanez.cl\/web\/wp-json\/wp\/v2\/media?parent=10389"}],"wp:term":[{"taxonomy":"category","embeddable":true,"href":"https:\/\/www.radiopresidenteibanez.cl\/web\/wp-json\/wp\/v2\/categories?post=10389"},{"taxonomy":"post_tag","embeddable":true,"href":"https:\/\/www.radiopresidenteibanez.cl\/web\/wp-json\/wp\/v2\/tags?post=10389"}],"curies":[{"name":"wp","href":"https:\/\/api.w.org\/{rel}","templated":true}]}}