{"id":10386,"date":"2020-03-20T01:42:45","date_gmt":"2020-03-20T01:42:45","guid":{"rendered":"https:\/\/www.radiopresidenteibanez.cl\/web\/?p=10386"},"modified":"2020-03-20T01:42:49","modified_gmt":"2020-03-20T01:42:49","slug":"alcalde-fernando-paredes-solicita-cierre-total-de-la-provincia-de-ultima-esperanza","status":"publish","type":"post","link":"https:\/\/www.radiopresidenteibanez.cl\/web\/alcalde-fernando-paredes-solicita-cierre-total-de-la-provincia-de-ultima-esperanza\/","title":{"rendered":"ALCALDE FERNANDO PAREDES SOLICITA CIERRE TOTAL DE LA PROVINCIA DE \u00daLTIMA ESPERANZA"},"content":{"rendered":"\n<p>Como una medida para proteger de\nposibles casos de coronavirus a los habitantes de la provincia de \u00daltima\nEsperanza, el alcalde de la comuna de Natales, Fernando Paredes Mansilla,\nsolicit\u00f3 el cierre total de los l\u00edmites de \u00daltima Esperanza a la jefa provincial\nde la Secretar\u00eda Regional Ministerial de Salud de Magallanes.<\/p>\n\n\n\n<p>Esta solicitud la realiz\u00f3 en la\nmesa t\u00e9cnica del Comit\u00e9 Provincial de Emergencia, realizado en la Gobernaci\u00f3n\nde \u00daltima Esperanza, en esta reuni\u00f3n particip\u00f3 el gobernador de la provincia,\nRa\u00fal Suazo Mardones; el alcalde de Torres del Paine, Roberto C\u00e1rdenas; el\nTeniente Coronel, Patricio Zamora y la jefa provincial de salud, Paulina\nBarrientos.<\/p>\n\n\n\n<p>La m\u00e1xima autoridad comunal, se\u00f1al\u00f3\nque solicit\u00f3 esta medida pensando en la salud de cada uno de los habitantes.\n\u00abComo alcalde de la comuna de Natales, tambi\u00e9n interpretando el sentir de\nnuestro Concejo Municipal, hemos planteado la urgente necesidad a la jefa de la\noficina provincial de Salud, do\u00f1a Paulina Barrientos, que lleg\u00f3 el momento de\nsolicitar el cierre del l\u00edmite provincial de \u00daltima Esperanza para limitar el\nacceso a todos los pasajeros, turistas y personas que no sean residentes de la\nprovincia de \u00daltima Esperanza\u00bb.<\/p>\n\n\n\n<p>Adem\u00e1s, el mandatario enfatiz\u00f3\nque \u00abes una invitaci\u00f3n absolutamente necesaria para ir dando\ntranquilidad&nbsp; a la comunidad, pero\ntambi\u00e9n tomando los resguardos necesarios que desde el punto de vista de salud\nse requieren en la provincia de \u00daltima Esperanza. Pensamos claramente que\nrestringiendo el ingreso a nuestra provincia vamos a dar una se\u00f1al muy clara\ndesde el punto de vista de salud, aislando nuestra provincia para protegernos\ncomo comunidad\u00bb.<\/p>\n\n\n\n<p>A la solicitud del alcalde de la\ncomuna de Natales, se sum\u00f3 el edil de Torres del Paine, Roberto C\u00e1rdenas, quien\nse mostr\u00f3 de acuerdo en aplicar esta medida en su comuna y la provincia en\ngeneral.<\/p>\n","protected":false},"excerpt":{"rendered":"<p>Como una medida para proteger de posibles casos de coronavirus a los habitantes de la provincia de \u00daltima Esperanza, el alcalde de la comuna de Natales, Fernando Paredes Mansilla, solicit\u00f3&#8230; <a class=\"read-more\" href=\"https:\/\/www.radiopresidenteibanez.cl\/web\/alcalde-fernando-paredes-solicita-cierre-total-de-la-provincia-de-ultima-esperanza\/\">Leer m\u00e1s<\/a><\/p>\n","protected":false},"author":2,"featured_media":10387,"comment_status":"closed","ping_status":"closed","sticky":false,"template":"","format":"standard","meta":{"footnotes":""},"categories":[1],"tags":[],"class_list":["post-10386","post","type-post","status-publish","format-standard","has-post-thumbnail","hentry","category-cronica"],"_links":{"self":[{"href":"https:\/\/www.radiopresidenteibanez.cl\/web\/wp-json\/wp\/v2\/posts\/10386","targetHints":{"allow":["GET"]}}],"collection":[{"href":"https:\/\/www.radiopresidenteibanez.cl\/web\/wp-json\/wp\/v2\/posts"}],"about":[{"href":"https:\/\/www.radiopresidenteibanez.cl\/web\/wp-json\/wp\/v2\/types\/post"}],"author":[{"embeddable":true,"href":"https:\/\/www.radiopresidenteibanez.cl\/web\/wp-json\/wp\/v2\/users\/2"}],"replies":[{"embeddable":true,"href":"https:\/\/www.radiopresidenteibanez.cl\/web\/wp-json\/wp\/v2\/comments?post=10386"}],"version-history":[{"count":0,"href":"https:\/\/www.radiopresidenteibanez.cl\/web\/wp-json\/wp\/v2\/posts\/10386\/revisions"}],"wp:featuredmedia":[{"embeddable":true,"href":"https:\/\/www.radiopresidenteibanez.cl\/web\/wp-json\/wp\/v2\/media\/10387"}],"wp:attachment":[{"href":"https:\/\/www.radiopresidenteibanez.cl\/web\/wp-json\/wp\/v2\/media?parent=10386"}],"wp:term":[{"taxonomy":"category","embeddable":true,"href":"https:\/\/www.radiopresidenteibanez.cl\/web\/wp-json\/wp\/v2\/categories?post=10386"},{"taxonomy":"post_tag","embeddable":true,"href":"https:\/\/www.radiopresidenteibanez.cl\/web\/wp-json\/wp\/v2\/tags?post=10386"}],"curies":[{"name":"wp","href":"https:\/\/api.w.org\/{rel}","templated":true}]}}