{"id":10275,"date":"2020-03-16T16:45:18","date_gmt":"2020-03-16T16:45:18","guid":{"rendered":"https:\/\/www.radiopresidenteibanez.cl\/web\/?p=10275"},"modified":"2020-03-16T16:45:23","modified_gmt":"2020-03-16T16:45:23","slug":"plan-contingencia-corporacion-municipal-de-punta-arenas","status":"publish","type":"post","link":"https:\/\/www.radiopresidenteibanez.cl\/web\/plan-contingencia-corporacion-municipal-de-punta-arenas\/","title":{"rendered":"PLAN CONTINGENCIA CORPORACI\u00d3N MUNICIPAL DE PUNTA ARENAS"},"content":{"rendered":"\n<p><strong>\u00c1rea Educaci\u00f3n<\/strong><\/p>\n\n\n\n<p>1.&nbsp;&nbsp;&nbsp;&nbsp;&nbsp;&nbsp;&nbsp;&nbsp;A contar de ma\u00f1ana martes 17 de marzo, en cada establecimiento se deber\u00e1 contar con turnos \u00e9ticos, compuestos por:<\/p>\n\n\n\n<p>&#8211;&nbsp;&nbsp;&nbsp;&nbsp;&nbsp;&nbsp;&nbsp;&nbsp;&nbsp;&nbsp;2 profesionales del equipo directivo.<\/p>\n\n\n\n<p>&#8211;&nbsp;&nbsp;&nbsp;&nbsp;&nbsp;&nbsp;&nbsp;&nbsp;&nbsp;&nbsp;2 docentes por nivel (PREESCOLAR\u2013 NT1 \u2013 NT2 \u2013 ENSE\u00d1ANZA MEDIA).<\/p>\n\n\n\n<p>&#8211;&nbsp;&nbsp;&nbsp;&nbsp;&nbsp;&nbsp;&nbsp;&nbsp;&nbsp;&nbsp;1 asistente de educaci\u00f3n.<\/p>\n\n\n\n<p>&#8211;&nbsp;&nbsp;&nbsp;&nbsp;&nbsp;&nbsp;&nbsp;&nbsp;&nbsp;&nbsp;1 auxiliar.<\/p>\n\n\n\n<p>&nbsp; *La jornada de trabajo se mantiene de 9:00 a 13:15 horas.&nbsp;&nbsp;<br><\/p>\n\n\n\n<p>Estos&nbsp;turnos&nbsp;\u00e9ticos&nbsp;se&nbsp;deber\u00e1n&nbsp;constituir&nbsp;de&nbsp;manera&nbsp;aleatoria,&nbsp;atendiendo&nbsp;la&nbsp;necesidad&nbsp;del&nbsp;servicio y coordinados a la brevedad.<\/p>\n\n\n\n<p>2.&nbsp;&nbsp; Se solicita a los equipos directivos actualizar y reportar las bases de datos con los datos de contacto de los funcionarios dependientes de sus respectivos establecimientos<\/p>\n\n\n\n<p>3.&nbsp; Para aquellos funcionarios que re\u00fanan alguna de las siguientes condiciones, se ha determinado que a contar de ma\u00f1ana martes 17 de marzo deben permanecer en sus domicilios hasta la fecha de t\u00e9rmino de la cuarentena indicada.<\/p>\n\n\n\n<p>-Profesores y\/o asistentes que tengan m\u00e1s de 65 a\u00f1os.<\/p>\n\n\n\n<p>-Profesoras y\/o asistentes que est\u00e9n embarazadas.<\/p>\n\n\n\n<p>-Profesores y\/o asistentes que hayan regresado del extranjero en los \u00faltimos 14 d\u00edas.<\/p>\n\n\n\n<p>-Profesores y\/o asistentes que tengan su salud comprometida por inmunodepresi\u00f3n (diabetes, enfermedades reumatoides, trasplantes, u otras enfermedades cr\u00f3nicas)<\/p>\n\n\n\n<p>4.&nbsp;&nbsp;&nbsp;&nbsp;&nbsp;&nbsp;Para los profesores y\/o asistentes de educaci\u00f3n que informen a sus directores, dificultad para dejar a sus hijos sin atenci\u00f3n de un adulto o persona responsable, se autorizar\u00e1 el permiso especial, sin irrogar uso de d\u00edas administrativos.<\/p>\n\n\n\n<p><strong>Administraci\u00f3n Central.<\/strong><\/p>\n\n\n\n<p>1.&nbsp;&nbsp;&nbsp;&nbsp;&nbsp;&nbsp;A&nbsp;contar&nbsp;de&nbsp;hoy,&nbsp;lunes&nbsp;16&nbsp;de&nbsp;marzo&nbsp;de&nbsp;2020,&nbsp;la&nbsp;jornada&nbsp;de&nbsp;trabajo&nbsp;para&nbsp;la&nbsp;administraci\u00f3n&nbsp;central&nbsp;de&nbsp;la&nbsp;Corporaci\u00f3n&nbsp;Municipal&nbsp;de&nbsp;Punta&nbsp;Arenas,&nbsp;ser\u00e1&nbsp;hasta&nbsp;las&nbsp;13:30&nbsp;horas.<\/p>\n\n\n\n<p>A&nbsp;contar&nbsp;de&nbsp;ma\u00f1ana&nbsp;martes&nbsp;17&nbsp;de&nbsp;marzo&nbsp;y&nbsp;hasta&nbsp;la&nbsp;fecha&nbsp;de&nbsp;t\u00e9rmino&nbsp;de&nbsp;la&nbsp;cuarentena&nbsp;<strong>preventiva<\/strong>&nbsp;ya&nbsp;decretada,&nbsp;se&nbsp;deber\u00e1&nbsp;contar&nbsp;con&nbsp;un&nbsp;turno&nbsp;\u00e9tico,&nbsp;donde&nbsp;se&nbsp;asegure&nbsp;la&nbsp;continuidad&nbsp;de&nbsp;procesos&nbsp;necesarios&nbsp;para&nbsp;el&nbsp;funcionamiento&nbsp;administrativo&nbsp;de&nbsp;esta&nbsp;Corporaci\u00f3n&nbsp;Municipal,&nbsp;tales&nbsp;como:&nbsp;licencias,&nbsp;remuneraciones,&nbsp;pago&nbsp;de&nbsp;proveedores,&nbsp;procesos&nbsp;contables,&nbsp;rendici\u00f3n&nbsp;de&nbsp;cuentas&nbsp;y&nbsp;otros&nbsp;imponderables.<\/p>\n\n\n\n<p>2.&nbsp;&nbsp;&nbsp;&nbsp;&nbsp;&nbsp;Para&nbsp;los&nbsp;funcionarios&nbsp;que&nbsp;cumplan&nbsp;sus&nbsp;funciones&nbsp;en&nbsp;el&nbsp;hogar,&nbsp;se&nbsp;solicita:<\/p>\n\n\n\n<p>&#8211;&nbsp;Encontrarse&nbsp;disponible&nbsp;por&nbsp;v\u00eda&nbsp;telef\u00f3nica&nbsp;y&nbsp;correo&nbsp;electr\u00f3nico&nbsp;durante&nbsp;la&nbsp;jornada&nbsp;ordinaria&nbsp;de&nbsp;trabajo.<\/p>\n\n\n\n<p>&#8211;&nbsp;Garantizar&nbsp;la&nbsp;confidencialidad&nbsp;de&nbsp;la&nbsp;informaci\u00f3n&nbsp;que&nbsp;se&nbsp;maneje&nbsp;durante&nbsp;el&nbsp;periodo&nbsp;de&nbsp;teletrabajo.&nbsp;<\/p>\n\n\n\n<p>Adicionalmente se solicita:<\/p>\n\n\n\n<p>1.&nbsp;&nbsp;&nbsp;&nbsp;&nbsp;&nbsp;A los equipos directivos, comunicar toda resoluci\u00f3n a los apoderados de sus comunidades. Apoyar la entrega de alimentaci\u00f3n, recibir y atender, en casos de necesidad a estudiantes que se acerquen a los establecimientos durante estos turnos \u00e9ticos (9:00 a 13:15 hrs)<\/p>\n\n\n\n<p>2.&nbsp;&nbsp;&nbsp;&nbsp;&nbsp;&nbsp;A los docentes asegurar la preparaci\u00f3n y entrega del material educativo, asimismo de la revisi\u00f3n y posterior retroalimentaci\u00f3n de los trabajos desarrollados por los estudiantes.<\/p>\n\n\n\n<p>3.&nbsp;&nbsp;&nbsp;&nbsp;&nbsp;&nbsp;A los asistentes de educaci\u00f3n, sanitizar espacios y superficies usando cloro&nbsp;en todas las salas, oficinas, ba\u00f1os y dependencias de los establecimientos.<\/p>\n","protected":false},"excerpt":{"rendered":"<p>\u00c1rea Educaci\u00f3n 1.&nbsp;&nbsp;&nbsp;&nbsp;&nbsp;&nbsp;&nbsp;&nbsp;A contar de ma\u00f1ana martes 17 de marzo, en cada establecimiento se deber\u00e1 contar con turnos \u00e9ticos, compuestos por: &#8211;&nbsp;&nbsp;&nbsp;&nbsp;&nbsp;&nbsp;&nbsp;&nbsp;&nbsp;&nbsp;2 profesionales del equipo directivo. &#8211;&nbsp;&nbsp;&nbsp;&nbsp;&nbsp;&nbsp;&nbsp;&nbsp;&nbsp;&nbsp;2 docentes por nivel&#8230; <a class=\"read-more\" href=\"https:\/\/www.radiopresidenteibanez.cl\/web\/plan-contingencia-corporacion-municipal-de-punta-arenas\/\">Leer m\u00e1s<\/a><\/p>\n","protected":false},"author":2,"featured_media":1620,"comment_status":"closed","ping_status":"closed","sticky":false,"template":"","format":"standard","meta":{"footnotes":""},"categories":[1],"tags":[],"class_list":["post-10275","post","type-post","status-publish","format-standard","has-post-thumbnail","hentry","category-cronica"],"_links":{"self":[{"href":"https:\/\/www.radiopresidenteibanez.cl\/web\/wp-json\/wp\/v2\/posts\/10275","targetHints":{"allow":["GET"]}}],"collection":[{"href":"https:\/\/www.radiopresidenteibanez.cl\/web\/wp-json\/wp\/v2\/posts"}],"about":[{"href":"https:\/\/www.radiopresidenteibanez.cl\/web\/wp-json\/wp\/v2\/types\/post"}],"author":[{"embeddable":true,"href":"https:\/\/www.radiopresidenteibanez.cl\/web\/wp-json\/wp\/v2\/users\/2"}],"replies":[{"embeddable":true,"href":"https:\/\/www.radiopresidenteibanez.cl\/web\/wp-json\/wp\/v2\/comments?post=10275"}],"version-history":[{"count":0,"href":"https:\/\/www.radiopresidenteibanez.cl\/web\/wp-json\/wp\/v2\/posts\/10275\/revisions"}],"wp:featuredmedia":[{"embeddable":true,"href":"https:\/\/www.radiopresidenteibanez.cl\/web\/wp-json\/wp\/v2\/media\/1620"}],"wp:attachment":[{"href":"https:\/\/www.radiopresidenteibanez.cl\/web\/wp-json\/wp\/v2\/media?parent=10275"}],"wp:term":[{"taxonomy":"category","embeddable":true,"href":"https:\/\/www.radiopresidenteibanez.cl\/web\/wp-json\/wp\/v2\/categories?post=10275"},{"taxonomy":"post_tag","embeddable":true,"href":"https:\/\/www.radiopresidenteibanez.cl\/web\/wp-json\/wp\/v2\/tags?post=10275"}],"curies":[{"name":"wp","href":"https:\/\/api.w.org\/{rel}","templated":true}]}}