{"id":10270,"date":"2020-03-16T13:43:15","date_gmt":"2020-03-16T13:43:15","guid":{"rendered":"https:\/\/www.radiopresidenteibanez.cl\/web\/?p=10270"},"modified":"2020-03-16T13:43:20","modified_gmt":"2020-03-16T13:43:20","slug":"felicitaciones-y-premiacion-de-agricultores-ponen-fin-a-la-expomundorural-magallanes-2020","status":"publish","type":"post","link":"https:\/\/www.radiopresidenteibanez.cl\/web\/felicitaciones-y-premiacion-de-agricultores-ponen-fin-a-la-expomundorural-magallanes-2020\/","title":{"rendered":"FELICITACIONES Y PREMIACI\u00d3N DE AGRICULTORES PONEN FIN A LA EXPOMUNDORURAL MAGALLANES 2020"},"content":{"rendered":"\n<p>\u201cSabemos de las dificultades clim\u00e1ticas que tiene la agricultura en nuestra regi\u00f3n y por eso el \u00e9xito de esta jornada de dos d\u00edas es doble\u201d, dijo Petar Bradasic, director regional de INDAP, al momento de entregar reconocimientos a los expositores que llegaron de Punta Arenas, Puerto Natales, Tierra del Fuego, y tambi\u00e9n a los artesanos yaganes de Puerto Williams que dieron vida y fueron protagonistas en la ExpoMundoRural Magallanes 2020.<\/p>\n\n\n\n<p>Este a\u00f1o hubo dos escenarios y los espect\u00e1culos fueron continuos.&nbsp;&nbsp;Entre los nacionales que destacaron estuvo ChileFolk que durante dos d\u00edas hizo un recorrido por distintos bailes nacionales.&nbsp;<\/p>\n\n\n\n<p>Tambi\u00e9n los talleres de cocina del televisivo personaje \u201cEl Serrucho\u201d y Miguel \u00c1ngel Provoste, jefe de carrera de gastronom\u00eda de INACAP La Serena.&nbsp;&nbsp;<\/p>\n\n\n\n<p>En el segundo d\u00eda de fiesta asisti\u00f3 menos p\u00fablico por el contexto de emergencia que se vive a nivel nacional y que lleg\u00f3 a la zona.&nbsp;&nbsp;\u201cEs comprensible, a\u00fan as\u00ed el flujo de p\u00fablico se mantuvo estable, los agricultores vendieron y los espect\u00e1culos presentados sacaron nota siete\u201d, precis\u00f3 Bradasic.<\/p>\n\n\n\n<p>En cuanto a las ventas los choclos y zapallos italianos estuvieron entre los predilectos del p\u00fablico.<\/p>\n\n\n\n<p>\u201cTraje m\u00e1s de mil choclos y los vend\u00ed todos, la gente hizo fila para llev\u00e1rselos. Estoy muy contenta y agradecida de la oportunidad de poder vender mis productos\u201d, valor\u00f3 Estrella P\u00e9rez, agricultora de Punta Arenas.<\/p>\n\n\n\n<p>Finalmente el cierre culmin\u00f3 con la degustaci\u00f3n de corderos y la presentaci\u00f3n art\u00edstica de ChileFolk.<\/p>\n","protected":false},"excerpt":{"rendered":"<p>\u201cSabemos de las dificultades clim\u00e1ticas que tiene la agricultura en nuestra regi\u00f3n y por eso el \u00e9xito de esta jornada de dos d\u00edas es doble\u201d, dijo Petar Bradasic, director regional&#8230; <a class=\"read-more\" href=\"https:\/\/www.radiopresidenteibanez.cl\/web\/felicitaciones-y-premiacion-de-agricultores-ponen-fin-a-la-expomundorural-magallanes-2020\/\">Leer m\u00e1s<\/a><\/p>\n","protected":false},"author":2,"featured_media":10271,"comment_status":"closed","ping_status":"closed","sticky":false,"template":"","format":"standard","meta":{"footnotes":""},"categories":[1],"tags":[],"class_list":["post-10270","post","type-post","status-publish","format-standard","has-post-thumbnail","hentry","category-cronica"],"_links":{"self":[{"href":"https:\/\/www.radiopresidenteibanez.cl\/web\/wp-json\/wp\/v2\/posts\/10270","targetHints":{"allow":["GET"]}}],"collection":[{"href":"https:\/\/www.radiopresidenteibanez.cl\/web\/wp-json\/wp\/v2\/posts"}],"about":[{"href":"https:\/\/www.radiopresidenteibanez.cl\/web\/wp-json\/wp\/v2\/types\/post"}],"author":[{"embeddable":true,"href":"https:\/\/www.radiopresidenteibanez.cl\/web\/wp-json\/wp\/v2\/users\/2"}],"replies":[{"embeddable":true,"href":"https:\/\/www.radiopresidenteibanez.cl\/web\/wp-json\/wp\/v2\/comments?post=10270"}],"version-history":[{"count":0,"href":"https:\/\/www.radiopresidenteibanez.cl\/web\/wp-json\/wp\/v2\/posts\/10270\/revisions"}],"wp:featuredmedia":[{"embeddable":true,"href":"https:\/\/www.radiopresidenteibanez.cl\/web\/wp-json\/wp\/v2\/media\/10271"}],"wp:attachment":[{"href":"https:\/\/www.radiopresidenteibanez.cl\/web\/wp-json\/wp\/v2\/media?parent=10270"}],"wp:term":[{"taxonomy":"category","embeddable":true,"href":"https:\/\/www.radiopresidenteibanez.cl\/web\/wp-json\/wp\/v2\/categories?post=10270"},{"taxonomy":"post_tag","embeddable":true,"href":"https:\/\/www.radiopresidenteibanez.cl\/web\/wp-json\/wp\/v2\/tags?post=10270"}],"curies":[{"name":"wp","href":"https:\/\/api.w.org\/{rel}","templated":true}]}}