{"id":10267,"date":"2020-03-16T13:41:33","date_gmt":"2020-03-16T13:41:33","guid":{"rendered":"https:\/\/www.radiopresidenteibanez.cl\/web\/?p=10267"},"modified":"2020-03-16T13:41:37","modified_gmt":"2020-03-16T13:41:37","slug":"con-fogata-en-honor-a-los-selknam-finalizo-campamento-docente-explora-va","status":"publish","type":"post","link":"https:\/\/www.radiopresidenteibanez.cl\/web\/con-fogata-en-honor-a-los-selknam-finalizo-campamento-docente-explora-va\/","title":{"rendered":"CON FOGATA EN HONOR A LOS SELKNAM FINALIZ\u00d3 CAMPAMENTO DOCENTE EXPLORA VA"},"content":{"rendered":"\n<p>La ciudad de\nPorvenir alberg\u00f3 por cinco d\u00edas a los participantes del primer campamento de\ndocentes Explora VA \u201cmaestros del fin del mundo\u201d, el que culmin\u00f3 este viernes\ncon las actividades en una \u00edntima ceremonia y posterior fogata en honor a los\nSelknam, pueblos originarios que habitaron Tierra del Fuego. <\/p>\n\n\n\n<p>La iniciativa\nbuscaba enriquecer las pr\u00e1cticas pedag\u00f3gicas de los y las profesionales de la\neducaci\u00f3n a trav\u00e9s de metodolog\u00edas innovadoras y repensar los m\u00e9todos de\nense\u00f1anza para adaptarlos a las nuevas generaciones de escolares y p\u00e1rvulos.\nPara ello se realizaron talleres de tecnolog\u00eda en el aula, historia regional,\nmanejo y habilidad de emociones y uso de los recursos naturales de la zona,\nadem\u00e1s de salidas a terreno al Parque Estromatolitos y otros puntos de\nimportancia hist\u00f3rica en la ciudad. <\/p>\n\n\n\n<p>La ceremonia\nde clausura se desarroll\u00f3 este s\u00e1bado y cont\u00f3 con la participaci\u00f3n de los\ndirectores de la Escuela Libertador Capit\u00e1n General Bernardo O\u2019Higgins,\nPatricio Sandoval, y Alex Vera del Liceo Polivalente Hernando de Magallanes.\nAmbos establecimientos fueron sede de los cuatro talleres realizados en\nPorvenir.&nbsp; <\/p>\n\n\n\n<p>Para la\ndirectora del PAR Explora Magallanes -perteneciente al Ministerio de la Ciencia\ny ejecutado por la Universdad de Magallanes- Claudia Salinas, esta primera\nedici\u00f3n del Explora VA en la regi\u00f3n fue todo un \u00e9xito. \u201cLos profesores\ndemostraron que los objetivos que ten\u00eda el campamento se lograron con creces.\nEstamos ansiosos ahora de poder ver reflejado en las aulas el trabajo que se\nrealiz\u00f3 durante toda esta semana\u201d. <\/p>\n\n\n\n<p>Las educadoras\nde p\u00e1rvulo y profesores asistentes quedaron conformes con lo aprendido en la\nactividad. \u201cFeliz de ser parte del primer campamento. Me voy con una\nexperiencia enorme donde aprend\u00ed mucho, me llevo muchas herramientas para\naplicarlas con mis peque\u00f1os all\u00e1 en la comuna de Cerro Castillo\u201d, coment\u00f3\nVer\u00f3nica Soto Vidal, del jard\u00edn \u201cEl Castillito\u201d. <\/p>\n\n\n\n<p>En tanto Paola\nPonce, de la Escuela Hernando de Magallanes en Punta Arenas, asegur\u00f3 que sus\nexpectativas se cumplieron \u201cquer\u00eda mejorar mis pr\u00e1cticas en el aula y creo que\nse cumplieron con creces. Nos mostraron un desarrollo para trabajar la ciencia\nde manera de integrar todo los \u00e1mbitos del desarrollo de los ni\u00f1os, y en\nprimera infancia es fundamental ya que ellos tienen una curiosidad innata por\nla exploraci\u00f3n\u201d, asegur\u00f3. <\/p>\n\n\n\n<p>Cabe destacar\nque tambi\u00e9n participaron del campamento Gasco Magallanes, el Proyecto del\nMinisterio de Medio Ambiente GEF Castor, el Instituto Ant\u00e1rtico Chileno y Aguas\nMagallanes, quienes el primer d\u00eda realizaron una muestra de las actividades\neducativas que tienen a disposici\u00f3n de todos los establecimientos educaciones\nde Magallanes.<\/p>\n","protected":false},"excerpt":{"rendered":"<p>La ciudad de Porvenir alberg\u00f3 por cinco d\u00edas a los participantes del primer campamento de docentes Explora VA \u201cmaestros del fin del mundo\u201d, el que culmin\u00f3 este viernes con las&#8230; <a class=\"read-more\" href=\"https:\/\/www.radiopresidenteibanez.cl\/web\/con-fogata-en-honor-a-los-selknam-finalizo-campamento-docente-explora-va\/\">Leer m\u00e1s<\/a><\/p>\n","protected":false},"author":2,"featured_media":10268,"comment_status":"closed","ping_status":"closed","sticky":false,"template":"","format":"standard","meta":{"footnotes":""},"categories":[1],"tags":[],"class_list":["post-10267","post","type-post","status-publish","format-standard","has-post-thumbnail","hentry","category-cronica"],"_links":{"self":[{"href":"https:\/\/www.radiopresidenteibanez.cl\/web\/wp-json\/wp\/v2\/posts\/10267","targetHints":{"allow":["GET"]}}],"collection":[{"href":"https:\/\/www.radiopresidenteibanez.cl\/web\/wp-json\/wp\/v2\/posts"}],"about":[{"href":"https:\/\/www.radiopresidenteibanez.cl\/web\/wp-json\/wp\/v2\/types\/post"}],"author":[{"embeddable":true,"href":"https:\/\/www.radiopresidenteibanez.cl\/web\/wp-json\/wp\/v2\/users\/2"}],"replies":[{"embeddable":true,"href":"https:\/\/www.radiopresidenteibanez.cl\/web\/wp-json\/wp\/v2\/comments?post=10267"}],"version-history":[{"count":0,"href":"https:\/\/www.radiopresidenteibanez.cl\/web\/wp-json\/wp\/v2\/posts\/10267\/revisions"}],"wp:featuredmedia":[{"embeddable":true,"href":"https:\/\/www.radiopresidenteibanez.cl\/web\/wp-json\/wp\/v2\/media\/10268"}],"wp:attachment":[{"href":"https:\/\/www.radiopresidenteibanez.cl\/web\/wp-json\/wp\/v2\/media?parent=10267"}],"wp:term":[{"taxonomy":"category","embeddable":true,"href":"https:\/\/www.radiopresidenteibanez.cl\/web\/wp-json\/wp\/v2\/categories?post=10267"},{"taxonomy":"post_tag","embeddable":true,"href":"https:\/\/www.radiopresidenteibanez.cl\/web\/wp-json\/wp\/v2\/tags?post=10267"}],"curies":[{"name":"wp","href":"https:\/\/api.w.org\/{rel}","templated":true}]}}