{"id":10264,"date":"2020-03-16T13:18:50","date_gmt":"2020-03-16T13:18:50","guid":{"rendered":"https:\/\/www.radiopresidenteibanez.cl\/web\/?p=10264"},"modified":"2020-03-16T13:18:54","modified_gmt":"2020-03-16T13:18:54","slug":"45-familias-se-veran-beneficiadas-con-proyecto-de-electricidad-rural-en-porvenir","status":"publish","type":"post","link":"https:\/\/www.radiopresidenteibanez.cl\/web\/45-familias-se-veran-beneficiadas-con-proyecto-de-electricidad-rural-en-porvenir\/","title":{"rendered":"45 FAMILIAS SE VER\u00c1N BENEFICIADAS CON PROYECTO DE ELECTRICIDAD RURAL EN PORVENIR"},"content":{"rendered":"\n<p>De esta manera se inici\u00f3 la construcci\u00f3n\nde la red que llevar\u00e1 electricidad a los pobladores del loteo Selknam, cerca de\nPorvenir. El primer poste fue el s\u00edmbolo de la partida de este proceso que\nmejorar\u00e1 la calidad de vida de estas personas. Una vez conectadas a la red de\nenerg\u00eda ser\u00e1n beneficiadas 45 familia del lugar.<\/p>\n\n\n\n<p>Se instalar\u00e1n 3.850 metros de red\nbif\u00e1sica, de media tensi\u00f3n, 5.060 metros de red monof\u00e1sica de baja tensi\u00f3n, 6\nsubestaciones y 45 empalmes domiciliarios, incluyendo sus medidores.<\/p>\n\n\n\n<p>Al respecto la Alcaldesa de Porvenir,\nMarisol Andrade C\u00e1rdenas, se\u00f1al\u00f3 que \u201ccon este acto simb\u00f3lico de colocar el\nprimer poste, se da el inicio de esta obra que tiene una duraci\u00f3n de 120 d\u00edas,\nde los cuales los trabajos en terreno ser\u00e1n 90 d\u00edas y el resto corresponder\u00e1 a\ntramites administrativos\u201d. Agreg\u00f3 la autoridad edilicia, que \u201ceste proyecto de\nelectrificaci\u00f3n rural ya es una realidad para nuestros vecinos que residen en\nel loteo Selknam y que en los pr\u00f3ximos meses ya contaran con electricidad en\nsus viviendas\u201d.<\/p>\n\n\n\n<p>La jefa comunal, record\u00f3 que este\nproyecto comenz\u00f3 el a\u00f1o 2013 y que por fin hoy lo podemos concretar, \u201cestoy muy\ncontenta por nuestros vecinos que en total son 45 familias que ser\u00e1n\ndirectamente los beneficiados, pero sabemos que en el loteo vive mucha m\u00e1s\ngente y evidentemente cuando llegue la luz se van a venir a instalar\u201d.<\/p>\n\n\n\n<p>El financiamiento de este proyecto de\nelectrificaci\u00f3n es de 195 millones de pesos y es financiado \u00edntegramente por\ncuenta del Gobierno Regional.<\/p>\n","protected":false},"excerpt":{"rendered":"<p>De esta manera se inici\u00f3 la construcci\u00f3n de la red que llevar\u00e1 electricidad a los pobladores del loteo Selknam, cerca de Porvenir. El primer poste fue el s\u00edmbolo de la&#8230; <a class=\"read-more\" href=\"https:\/\/www.radiopresidenteibanez.cl\/web\/45-familias-se-veran-beneficiadas-con-proyecto-de-electricidad-rural-en-porvenir\/\">Leer m\u00e1s<\/a><\/p>\n","protected":false},"author":2,"featured_media":10265,"comment_status":"closed","ping_status":"closed","sticky":false,"template":"","format":"standard","meta":{"footnotes":""},"categories":[1],"tags":[],"class_list":["post-10264","post","type-post","status-publish","format-standard","has-post-thumbnail","hentry","category-cronica"],"_links":{"self":[{"href":"https:\/\/www.radiopresidenteibanez.cl\/web\/wp-json\/wp\/v2\/posts\/10264","targetHints":{"allow":["GET"]}}],"collection":[{"href":"https:\/\/www.radiopresidenteibanez.cl\/web\/wp-json\/wp\/v2\/posts"}],"about":[{"href":"https:\/\/www.radiopresidenteibanez.cl\/web\/wp-json\/wp\/v2\/types\/post"}],"author":[{"embeddable":true,"href":"https:\/\/www.radiopresidenteibanez.cl\/web\/wp-json\/wp\/v2\/users\/2"}],"replies":[{"embeddable":true,"href":"https:\/\/www.radiopresidenteibanez.cl\/web\/wp-json\/wp\/v2\/comments?post=10264"}],"version-history":[{"count":0,"href":"https:\/\/www.radiopresidenteibanez.cl\/web\/wp-json\/wp\/v2\/posts\/10264\/revisions"}],"wp:featuredmedia":[{"embeddable":true,"href":"https:\/\/www.radiopresidenteibanez.cl\/web\/wp-json\/wp\/v2\/media\/10265"}],"wp:attachment":[{"href":"https:\/\/www.radiopresidenteibanez.cl\/web\/wp-json\/wp\/v2\/media?parent=10264"}],"wp:term":[{"taxonomy":"category","embeddable":true,"href":"https:\/\/www.radiopresidenteibanez.cl\/web\/wp-json\/wp\/v2\/categories?post=10264"},{"taxonomy":"post_tag","embeddable":true,"href":"https:\/\/www.radiopresidenteibanez.cl\/web\/wp-json\/wp\/v2\/tags?post=10264"}],"curies":[{"name":"wp","href":"https:\/\/api.w.org\/{rel}","templated":true}]}}