{"id":10261,"date":"2020-03-16T13:14:12","date_gmt":"2020-03-16T13:14:12","guid":{"rendered":"https:\/\/www.radiopresidenteibanez.cl\/web\/?p=10261"},"modified":"2020-03-16T13:14:16","modified_gmt":"2020-03-16T13:14:16","slug":"entregan-informe-urbanistico-con-los-principales-desafios-para-hacer-de-punta-arenas-una-ciudad-del-futuro","status":"publish","type":"post","link":"https:\/\/www.radiopresidenteibanez.cl\/web\/entregan-informe-urbanistico-con-los-principales-desafios-para-hacer-de-punta-arenas-una-ciudad-del-futuro\/","title":{"rendered":"ENTREGAN INFORME URBAN\u00cdSTICO CON LOS PRINCIPALES DESAF\u00cdOS PARA  HACER DE PUNTA ARENAS UNA CIUDAD DEL FUTURO"},"content":{"rendered":"\n<p>Luego de cinco sesiones de \u201cPunta\nArenas: la ciudad que queremos\u201d, iniciativa de la C\u00e1mara Chilena de la\nConstrucci\u00f3n en conjunto con la Corporaci\u00f3n Ciudades, se entreg\u00f3 el Informe de\nDiagn\u00f3stico Urbano Integrado. Se trata de un estudio completo que culmina la\nprimera etapa del proyecto y que incluye los principales desaf\u00edos que buscan la\ncreaci\u00f3n y construcci\u00f3n de una visi\u00f3n de ciudad en el largo plazo. <\/p>\n\n\n\n<p>En t\u00e9rminos generales las\nprioridades que se plantean en este documento son cuatro: 1) bienestar\nterritorial, entendida como equidad en el acceso a las oportunidades que la\nciudad ofrece a sus habitantes; 2) sustentabilidad, para potenciar una mejora\nen la calidad as\u00ed como para resguardar los activos medioambientales; 3) un\ndesarrollo econ\u00f3mico y social que aproveche las oportunidades que ofrece la\ncercan\u00eda al territorio Ant\u00e1rtico, su potencial cient\u00edfico y tur\u00edstico; 4) una\ngesti\u00f3n urbana moderna, que permita alcanzar estos objetivos.<\/p>\n\n\n\n<p>Por ejemplo, en el caso del\nprimer desaf\u00edo proponen <em>la ciudad de los 15 minutos<\/em>, es decir, que las\npersonas a no m\u00e1s de 15 minutos puedan comprar, estudiar, trabajar, comer,\nhacer tr\u00e1mites y todas sus actividades cotidianas. El segundo objetivo apunta a\n<em>la ciudad carbono neutral<\/em>, que exige reducir las emisiones efecto\ninvernadero, con medidas como mejorar la eficiencia energ\u00e9tica de las\nviviendas; disminuir los desplazamientos producto de un uso m\u00e1s racional del\nterritorio; y fomentar un sistema de transporte sustentable, entre otras. La\ntercera prioridad habla de <em>la ciudad del turismo cient\u00edfico<\/em>, en el\nsentido de aprovechar atributos \u00fanicos de Punta Arenas como la cercan\u00eda con la\nAnt\u00e1rtica, la existencia del Instituto Chileno Ant\u00e1rtico y su relaci\u00f3n con la\ncomunidad cient\u00edfica internacional, rutas paleontol\u00f3gicas y parques nacionales.\nY cuarto desaf\u00edo acopla el concepto de&nbsp; &nbsp;&nbsp;&nbsp;&nbsp;<em>gobernanza digital y participativa<\/em>,\ncon el fin de implementar mecanismos efectivos de participaci\u00f3n para la\nplanificaci\u00f3n urbana, que garantice una toma de decisiones informada, \u00e1gil y\ntransparente. <\/p>\n\n\n\n<p>Para el director ejecutivo de\nCorporaci\u00f3n Ciudades, Juan Manuel S\u00e1nchez, este informe es el resultado de un\nproceso que se ha realizado en distintas etapas, con el objetivo de lograr\npuntos de acuerdo respecto de generar una hoja de ruta de lo que podr\u00eda ser\nPunta Arenas del futuro, a trav\u00e9s de una mirada muy consensuada de cada uno de\nlos que han participado en las distintas mesas. <\/p>\n\n\n\n<p>Por su parte, el vicepresidente\nde la C\u00e1mara Chilena de la Construcci\u00f3n de Punta Arenas, Carlos Braun, destac\u00f3\nla amplia participaci\u00f3n que han tenido en las mesas, ya que gracias a eso \u201cla\nvisi\u00f3n que vamos a entregar de lo que va a ser Punta Arenas en los pr\u00f3ximos\na\u00f1os va a ser muy completa, y esperamos que eso despu\u00e9s se concrete en el\ncambio de la forma de dise\u00f1ar la ciudad\u201d.<\/p>\n\n\n\n<p><strong>Trabajo conjunto<\/strong><\/p>\n\n\n\n<p>Durante la sexta sesi\u00f3n de la mesa\n\u201cPunta Arenas: La Ciudad Que Queremos\u201d, tambi\u00e9n particip\u00f3 el director ejecutivo\ndel CREO Antofagasta, Andr\u00e9s Letelier. La entidad a la cual preside ha\nrealizado un trabajo similar en la ciudad nortina y que, gracias al constante\ndi\u00e1logo, y la creaci\u00f3n de mesas t\u00e9cnicas, han logrado definir los pr\u00f3ximos\npasos para poder construir un documento que oriente el desarrollo de la urbe en\nel largo plazo. <\/p>\n\n\n\n<p>\u201cHoy en d\u00eda, los desaf\u00edos son\nenormes y ya no descansan en una autoridad o en un gobierno en espec\u00edfico.\nRequieren de los distintos actores de la sociedad civil para poder empujarlos y\nsostenerlos en el tiempo\u201d, explic\u00f3 Letelier durante la sesi\u00f3n. <\/p>\n\n\n\n<p>Asimismo, destac\u00f3 que, a pesar de que Antofagasta y Punta Arenas son dos ciudades muy distintas entre s\u00ed, la importancia del trabajo conjunto entre las distintas entidades -p\u00fablicas, privadas y la sociedad civil- es la clave para lograr un crecimiento de las ciudades que no altere la vida de sus habitantes, y s\u00f3lo traiga beneficios. <\/p>\n","protected":false},"excerpt":{"rendered":"<p>Luego de cinco sesiones de \u201cPunta Arenas: la ciudad que queremos\u201d, iniciativa de la C\u00e1mara Chilena de la Construcci\u00f3n en conjunto con la Corporaci\u00f3n Ciudades, se entreg\u00f3 el Informe de&#8230; <a class=\"read-more\" href=\"https:\/\/www.radiopresidenteibanez.cl\/web\/entregan-informe-urbanistico-con-los-principales-desafios-para-hacer-de-punta-arenas-una-ciudad-del-futuro\/\">Leer m\u00e1s<\/a><\/p>\n","protected":false},"author":2,"featured_media":10262,"comment_status":"closed","ping_status":"closed","sticky":false,"template":"","format":"standard","meta":{"footnotes":""},"categories":[1],"tags":[],"class_list":["post-10261","post","type-post","status-publish","format-standard","has-post-thumbnail","hentry","category-cronica"],"_links":{"self":[{"href":"https:\/\/www.radiopresidenteibanez.cl\/web\/wp-json\/wp\/v2\/posts\/10261","targetHints":{"allow":["GET"]}}],"collection":[{"href":"https:\/\/www.radiopresidenteibanez.cl\/web\/wp-json\/wp\/v2\/posts"}],"about":[{"href":"https:\/\/www.radiopresidenteibanez.cl\/web\/wp-json\/wp\/v2\/types\/post"}],"author":[{"embeddable":true,"href":"https:\/\/www.radiopresidenteibanez.cl\/web\/wp-json\/wp\/v2\/users\/2"}],"replies":[{"embeddable":true,"href":"https:\/\/www.radiopresidenteibanez.cl\/web\/wp-json\/wp\/v2\/comments?post=10261"}],"version-history":[{"count":0,"href":"https:\/\/www.radiopresidenteibanez.cl\/web\/wp-json\/wp\/v2\/posts\/10261\/revisions"}],"wp:featuredmedia":[{"embeddable":true,"href":"https:\/\/www.radiopresidenteibanez.cl\/web\/wp-json\/wp\/v2\/media\/10262"}],"wp:attachment":[{"href":"https:\/\/www.radiopresidenteibanez.cl\/web\/wp-json\/wp\/v2\/media?parent=10261"}],"wp:term":[{"taxonomy":"category","embeddable":true,"href":"https:\/\/www.radiopresidenteibanez.cl\/web\/wp-json\/wp\/v2\/categories?post=10261"},{"taxonomy":"post_tag","embeddable":true,"href":"https:\/\/www.radiopresidenteibanez.cl\/web\/wp-json\/wp\/v2\/tags?post=10261"}],"curies":[{"name":"wp","href":"https:\/\/api.w.org\/{rel}","templated":true}]}}