{"id":10259,"date":"2020-03-16T13:11:45","date_gmt":"2020-03-16T13:11:45","guid":{"rendered":"https:\/\/www.radiopresidenteibanez.cl\/web\/?p=10259"},"modified":"2020-03-16T13:11:49","modified_gmt":"2020-03-16T13:11:49","slug":"por-la-vida-por-ernesto-sepulveda","status":"publish","type":"post","link":"https:\/\/www.radiopresidenteibanez.cl\/web\/por-la-vida-por-ernesto-sepulveda\/","title":{"rendered":"POR LA VIDA por ERNESTO SEPULVEDA"},"content":{"rendered":"\n<p>La situaci\u00f3n que vive nuestro\npa\u00eds, a prop\u00f3sito de la pandemia del Coronavirus, nos sorprende en medio de un\nclima de crispaci\u00f3n social, pocas veces visto.&nbsp;&nbsp;El riesgo de contagio\nes real, los casos se multiplican con rapidez, en pa\u00edses con mejor\ninfraestructura sanitaria que Chile. Al comienzo, algunos sugirieron que era un\ninvento del gobierno para sacar a la gente de las calles. A ese extremo se ha\nllegado en el descr\u00e9dito y la desconfianza. Nos ha llegado esta prueba de\ncoraje, de responsabilidad, de disciplina, a todos nosotros, sin excepci\u00f3n. La\nenfermedad, as\u00ed como la muerte, no distingue colores pol\u00edticos, ni los centavos\nacumulados. En tiempos en que algunos, que no vivieron el horror, dicen que \u201cla\nalegr\u00eda nunca lleg\u00f3\u201d, y que esto no es democracia, viene el COVID19, y nos pone\na todos en el mismo saco.<\/p>\n\n\n\n<p>Qu\u00e9 mejor aprendizaje de vida,\nque estar obligados a enfrentar todos juntos, un peligro que amenaza a quienes\nm\u00e1s amamos. De pronto resultan f\u00fatiles hasta las consignas m\u00e1s encendidas. No\nes que todo lo avanzado desde octubre, haya que desecharlo. Por el contrario,\ncreo que Chile necesitaba&nbsp;&nbsp;recuperar un sentido de unidad, que\nninguna corriente pol\u00edtica, representa. Un sentido de pertenencia a una\ncomunidad, que se alcanza, no desde el odio, desde el resentimiento, sino desde\nel amor.<\/p>\n\n\n\n<p>En estos d\u00edas parti\u00f3 a los\ncielos, luego de una larga y pac\u00edfica despedida, el&nbsp;&nbsp;Padre Mariano\nPuga, llamado \u201cEl cura obrero\u201d, por una vida de entrega a los m\u00e1s humildes y\ndespose\u00eddos. Escuchar sus \u00faltimas entrevistas, es un obsequio en estos d\u00edas.\n\u201cChile despert\u00f3 de la somnolencia en la que estaba. Ahora podemos ser\nverdaderamente un pueblo, donde los hermanos de norte abracen a sus hermanos\ndel sur, donde se abrace al hermano mapuche, al de las minor\u00edas sexuales. Donde\nel hermano desvalido abrace a su hermano poderoso\u201d. Una vida plet\u00f3rica en\nense\u00f1anzas, en ejemplos, haciendo carne las ense\u00f1anzas de Jes\u00fas.<\/p>\n\n\n\n<p>Si la aldea completa est\u00e1\namenazada por el fuego, seguiremos disputando quien de la tribu, est\u00e1 mas preparado\npara dirigir? O nos pondremos&nbsp;&nbsp;juntos a defender lo que nos pertenece\na todos? . Chile no va a volver a ser el mismo, no volveremos atr\u00e1s en el\ntiempo. Si tenemos esperanza de un futuro mejor, tenemos que ponernos manos a\nla obra, sin distinciones de ning\u00fan tipo.<\/p>\n\n\n\n<p>Vamos a cuidarnos y a cuidar\ndel otro. No existe otra salida. La vida nos ense\u00f1a eso, una vez m\u00e1s, somos una\ngran familia. Disfuncional a veces, pero seguimos perteneciendo a la misma\nespecie, habitando un mismo territorio, compartiendo sue\u00f1os, ricos, diversos.\nNo existen atajos para que la vida sea mas f\u00e1cil, tampoco para alcanzar los\ngrandes objetivos, las grandes metas como sociedad. Quien diga lo contrario,\nest\u00e1 mintiendo. No es una asonada callejera, ni mucho menos un cuartelazo, lo que\nsolucionar\u00e1 nuestros problemas. Necesitamos con urgencia, volver a mirarnos,\nas\u00ed como nos vio el Padre Mariano, no como \u00e1ngeles, ni como santos, ni siquiera\ncomo miembros de una misma iglesia. Vernos como hermanos, que compartimos y\ncompartiremos un mismo destino.<\/p>\n\n\n\n<p>Tenemos un gran desaf\u00edo por\ndelante, es inmediato, urgente. Adoptar todas las medidas necesarias para\nprevenir el contagio del Coronavirus. No es momento de sacar peque\u00f1as ventajas\npol\u00edticas. Ni de Sacar r\u00e9ditos del en\u00e9simo error ministerial, o del millon\u00e9simo\nchascarro presidencial. Es el momento del verdadero patriotismo, amor por el\npueblo, conciencia de clase, o esp\u00edritu cristiano, como quieran llamarle.<\/p>\n\n\n\n<p>Debemos concentrar todas\nnuestras fuerzas en controlar la pandemia. Es el momento de la verdadera unidad\nsocial y pol\u00edtica de Chile, para defender la vida. No es el momento de\nenfrentar posiciones, es momento de tomar decisiones con seriedad&nbsp; y responsabilidad. Postergar el plebiscito\nconstitucional desde el 26 de abril, a octubre de 2020, es una decisi\u00f3n que\ndebemos tomar en conjunto como sociedad, para enfrentar todos juntos el\nCoronavirus.<\/p>\n\n\n\n<p>Si logramos librar con \u00e9xito\nesta batalla, estaremos preparados para construir un mejor Chile. S\u00f3lo con un\nba\u00f1o de amor por los otros, de solidaridad y de confianza, podremos sentar las\nbases de una nueva convivencia.<\/p>\n\n\n\n<p>La felicidad, finalmente es el\nverdadero objetivo de nuestras vidas. No hay dinero que la compre, ni candidato\nque la garantice.&nbsp;&nbsp;Estoy convencido, que velando ahora por el\nbienestar de nuestros seres queridos, protegiendo a nuestros compa\u00f1eros de\ntrabajo, a nuestros trabajadores,&nbsp;&nbsp;a nuestros jefes, estaremos\naportando esa cuota de generosidad, de altruismo, que Chile necesita, para re\nencontrarse con lo mejor de s\u00ed mismo.<\/p>\n\n\n\n<p>Ernesto Sep\u00falveda Tornero<\/p>\n","protected":false},"excerpt":{"rendered":"<p>La situaci\u00f3n que vive nuestro pa\u00eds, a prop\u00f3sito de la pandemia del Coronavirus, nos sorprende en medio de un clima de crispaci\u00f3n social, pocas veces visto.&nbsp;&nbsp;El riesgo de contagio es&#8230; <a class=\"read-more\" href=\"https:\/\/www.radiopresidenteibanez.cl\/web\/por-la-vida-por-ernesto-sepulveda\/\">Leer m\u00e1s<\/a><\/p>\n","protected":false},"author":2,"featured_media":2310,"comment_status":"closed","ping_status":"closed","sticky":false,"template":"","format":"standard","meta":{"footnotes":""},"categories":[1],"tags":[],"class_list":["post-10259","post","type-post","status-publish","format-standard","has-post-thumbnail","hentry","category-cronica"],"_links":{"self":[{"href":"https:\/\/www.radiopresidenteibanez.cl\/web\/wp-json\/wp\/v2\/posts\/10259","targetHints":{"allow":["GET"]}}],"collection":[{"href":"https:\/\/www.radiopresidenteibanez.cl\/web\/wp-json\/wp\/v2\/posts"}],"about":[{"href":"https:\/\/www.radiopresidenteibanez.cl\/web\/wp-json\/wp\/v2\/types\/post"}],"author":[{"embeddable":true,"href":"https:\/\/www.radiopresidenteibanez.cl\/web\/wp-json\/wp\/v2\/users\/2"}],"replies":[{"embeddable":true,"href":"https:\/\/www.radiopresidenteibanez.cl\/web\/wp-json\/wp\/v2\/comments?post=10259"}],"version-history":[{"count":0,"href":"https:\/\/www.radiopresidenteibanez.cl\/web\/wp-json\/wp\/v2\/posts\/10259\/revisions"}],"wp:featuredmedia":[{"embeddable":true,"href":"https:\/\/www.radiopresidenteibanez.cl\/web\/wp-json\/wp\/v2\/media\/2310"}],"wp:attachment":[{"href":"https:\/\/www.radiopresidenteibanez.cl\/web\/wp-json\/wp\/v2\/media?parent=10259"}],"wp:term":[{"taxonomy":"category","embeddable":true,"href":"https:\/\/www.radiopresidenteibanez.cl\/web\/wp-json\/wp\/v2\/categories?post=10259"},{"taxonomy":"post_tag","embeddable":true,"href":"https:\/\/www.radiopresidenteibanez.cl\/web\/wp-json\/wp\/v2\/tags?post=10259"}],"curies":[{"name":"wp","href":"https:\/\/api.w.org\/{rel}","templated":true}]}}