{"id":10257,"date":"2020-03-16T13:07:08","date_gmt":"2020-03-16T13:07:08","guid":{"rendered":"https:\/\/www.radiopresidenteibanez.cl\/web\/?p=10257"},"modified":"2020-03-16T13:07:12","modified_gmt":"2020-03-16T13:07:12","slug":"edelmag-anuncia-medidas-adoptadas-por-pandemia-de-coronavirus","status":"publish","type":"post","link":"https:\/\/www.radiopresidenteibanez.cl\/web\/edelmag-anuncia-medidas-adoptadas-por-pandemia-de-coronavirus\/","title":{"rendered":"EDELMAG ANUNCIA MEDIDAS ADOPTADAS POR PANDEMIA DE CORONAVIRUS"},"content":{"rendered":"\n<p>Con\nel objetivo de cuidar la salud y bienestar de sus trabajadores y sus familias,\nas\u00ed como el de resguardar la relaci\u00f3n con sus clientes, EDELMAG implement\u00f3 una\nserie de medidas de prevenci\u00f3n para evitar la propagaci\u00f3n del coronavirus\n(Covid-19).<\/p>\n\n\n\n<p>Se\nestableci\u00f3 un protocolo que instruye c\u00f3mo actuar en los casos de viajes al\nextranjero, presencia de sintomatolog\u00eda, contacto estrecho con casos probables\nde coronavirus y visitas de personas externas a la empresa procedentes de\npa\u00edses con casos confirmados. Tambi\u00e9n se determin\u00f3 limitar la asistencia a\nreuniones y actos laborales externos a los estrictamente imprescindibles, as\u00ed\ncomo los viajes nacionales.<\/p>\n\n\n\n<p>A\nnivel operacional, EDELMAG hace un llamado a sus clientes para que, en la\nmedida de lo posible, eviten desplazarse a las oficinas de atenci\u00f3n comercial y\nprioricen los canales no presenciales, como la p\u00e1gina web www.edelmag.cl, el Twitter\noficial @edelmag_sos y el Fono Clientes 600 6200 100. Para esto, la empresa ha\nreforzado sus sistemas.<\/p>\n\n\n\n<p>La\nempresa destaca tambi\u00e9n que mantiene sus protocolos de atenci\u00f3n y respuesta\nante emergencias para casos de interrupciones de suministro el\u00e9ctrico, con el\nfin de no afectar la calidad del servicio entregado a sus clientes.<\/p>\n\n\n\n<p>Asimismo,\nEDELMAG les recuerda a los pacientes electrodependientes y a sus familiares que\nactualicen sus datos en el registro oficial, para as\u00ed asegurar una atenci\u00f3n\nprioritaria en caso de interrupci\u00f3n de suministro.<\/p>\n","protected":false},"excerpt":{"rendered":"<p>Con el objetivo de cuidar la salud y bienestar de sus trabajadores y sus familias, as\u00ed como el de resguardar la relaci\u00f3n con sus clientes, EDELMAG implement\u00f3 una serie de&#8230; <a class=\"read-more\" href=\"https:\/\/www.radiopresidenteibanez.cl\/web\/edelmag-anuncia-medidas-adoptadas-por-pandemia-de-coronavirus\/\">Leer m\u00e1s<\/a><\/p>\n","protected":false},"author":2,"featured_media":714,"comment_status":"closed","ping_status":"closed","sticky":false,"template":"","format":"standard","meta":{"footnotes":""},"categories":[1],"tags":[],"class_list":["post-10257","post","type-post","status-publish","format-standard","has-post-thumbnail","hentry","category-cronica"],"_links":{"self":[{"href":"https:\/\/www.radiopresidenteibanez.cl\/web\/wp-json\/wp\/v2\/posts\/10257","targetHints":{"allow":["GET"]}}],"collection":[{"href":"https:\/\/www.radiopresidenteibanez.cl\/web\/wp-json\/wp\/v2\/posts"}],"about":[{"href":"https:\/\/www.radiopresidenteibanez.cl\/web\/wp-json\/wp\/v2\/types\/post"}],"author":[{"embeddable":true,"href":"https:\/\/www.radiopresidenteibanez.cl\/web\/wp-json\/wp\/v2\/users\/2"}],"replies":[{"embeddable":true,"href":"https:\/\/www.radiopresidenteibanez.cl\/web\/wp-json\/wp\/v2\/comments?post=10257"}],"version-history":[{"count":0,"href":"https:\/\/www.radiopresidenteibanez.cl\/web\/wp-json\/wp\/v2\/posts\/10257\/revisions"}],"wp:featuredmedia":[{"embeddable":true,"href":"https:\/\/www.radiopresidenteibanez.cl\/web\/wp-json\/wp\/v2\/media\/714"}],"wp:attachment":[{"href":"https:\/\/www.radiopresidenteibanez.cl\/web\/wp-json\/wp\/v2\/media?parent=10257"}],"wp:term":[{"taxonomy":"category","embeddable":true,"href":"https:\/\/www.radiopresidenteibanez.cl\/web\/wp-json\/wp\/v2\/categories?post=10257"},{"taxonomy":"post_tag","embeddable":true,"href":"https:\/\/www.radiopresidenteibanez.cl\/web\/wp-json\/wp\/v2\/tags?post=10257"}],"curies":[{"name":"wp","href":"https:\/\/api.w.org\/{rel}","templated":true}]}}