{"id":10250,"date":"2020-03-15T18:20:50","date_gmt":"2020-03-15T18:20:50","guid":{"rendered":"https:\/\/www.radiopresidenteibanez.cl\/web\/?p=10250"},"modified":"2020-03-15T18:21:02","modified_gmt":"2020-03-15T18:21:02","slug":"9-pasajeros-se-embarcaron-en-ferry-crux-australis-en-puerto-eden-tomando-las-medidas-correspondientes-ante-los-casos-de-covid-19","status":"publish","type":"post","link":"https:\/\/www.radiopresidenteibanez.cl\/web\/9-pasajeros-se-embarcaron-en-ferry-crux-australis-en-puerto-eden-tomando-las-medidas-correspondientes-ante-los-casos-de-covid-19\/","title":{"rendered":"9 PASAJEROS SE EMBARCARON EN FERRY CRUX AUSTRALIS EN PUERTO ED\u00c9N TOMANDO LAS MEDIDAS CORRESPONDIENTES ANTE LOS CASOS DE COVID-19"},"content":{"rendered":"\n<p> En la ma\u00f1ana de hoy 9 pasajeros se embarcaron en el ferry Crux Australis de Tabsa en Puerto Ed\u00e9n, mientras que una persona se desembarc\u00f3 en la misma localidad, siguiendo las indicaciones y autorizaciones de las autoridades de Salud y de la Armada.<\/p>\n\n\n\n<p>As\u00ed lo inform\u00f3 la empresa desde donde tambi\u00e9n aclararon que el s\u00e1bado las autoridades de la regi\u00f3n de Ays\u00e9n dispusieron que Caleta Tortel se sometiera a una cuarentena sanitaria asociada al corona virus por lo que los 30 pasajeros que esperaban embarcar en el ferry Crux Australis no pudieron hacerlo.<\/p>\n\n\n\n<p>Desde Tabsa indicaron que los viajes de conectividad mar\u00edtima en Magallanes y Ays\u00e9n se mantienen con normalidad. <\/p>\n","protected":false},"excerpt":{"rendered":"<p>En la ma\u00f1ana de hoy 9 pasajeros se embarcaron en el ferry Crux Australis de Tabsa en Puerto Ed\u00e9n, mientras que una persona se desembarc\u00f3 en la misma localidad, siguiendo&#8230; <a class=\"read-more\" href=\"https:\/\/www.radiopresidenteibanez.cl\/web\/9-pasajeros-se-embarcaron-en-ferry-crux-australis-en-puerto-eden-tomando-las-medidas-correspondientes-ante-los-casos-de-covid-19\/\">Leer m\u00e1s<\/a><\/p>\n","protected":false},"author":2,"featured_media":10251,"comment_status":"closed","ping_status":"closed","sticky":false,"template":"","format":"standard","meta":{"footnotes":""},"categories":[1],"tags":[],"class_list":["post-10250","post","type-post","status-publish","format-standard","has-post-thumbnail","hentry","category-cronica"],"_links":{"self":[{"href":"https:\/\/www.radiopresidenteibanez.cl\/web\/wp-json\/wp\/v2\/posts\/10250","targetHints":{"allow":["GET"]}}],"collection":[{"href":"https:\/\/www.radiopresidenteibanez.cl\/web\/wp-json\/wp\/v2\/posts"}],"about":[{"href":"https:\/\/www.radiopresidenteibanez.cl\/web\/wp-json\/wp\/v2\/types\/post"}],"author":[{"embeddable":true,"href":"https:\/\/www.radiopresidenteibanez.cl\/web\/wp-json\/wp\/v2\/users\/2"}],"replies":[{"embeddable":true,"href":"https:\/\/www.radiopresidenteibanez.cl\/web\/wp-json\/wp\/v2\/comments?post=10250"}],"version-history":[{"count":0,"href":"https:\/\/www.radiopresidenteibanez.cl\/web\/wp-json\/wp\/v2\/posts\/10250\/revisions"}],"wp:featuredmedia":[{"embeddable":true,"href":"https:\/\/www.radiopresidenteibanez.cl\/web\/wp-json\/wp\/v2\/media\/10251"}],"wp:attachment":[{"href":"https:\/\/www.radiopresidenteibanez.cl\/web\/wp-json\/wp\/v2\/media?parent=10250"}],"wp:term":[{"taxonomy":"category","embeddable":true,"href":"https:\/\/www.radiopresidenteibanez.cl\/web\/wp-json\/wp\/v2\/categories?post=10250"},{"taxonomy":"post_tag","embeddable":true,"href":"https:\/\/www.radiopresidenteibanez.cl\/web\/wp-json\/wp\/v2\/tags?post=10250"}],"curies":[{"name":"wp","href":"https:\/\/api.w.org\/{rel}","templated":true}]}}