{"id":10246,"date":"2020-03-15T17:51:59","date_gmt":"2020-03-15T17:51:59","guid":{"rendered":"https:\/\/www.radiopresidenteibanez.cl\/web\/?p=10246"},"modified":"2020-03-15T17:52:02","modified_gmt":"2020-03-15T17:52:02","slug":"alcalde-de-punta-arenas-suspendio-las-clases-desde-este-lunes-16-de-marzo-ante-situacion-del-covid-19","status":"publish","type":"post","link":"https:\/\/www.radiopresidenteibanez.cl\/web\/alcalde-de-punta-arenas-suspendio-las-clases-desde-este-lunes-16-de-marzo-ante-situacion-del-covid-19\/","title":{"rendered":"ALCALDE DE PUNTA ARENAS SUSPENDI\u00d3 LAS CLASES DESDE ESTE LUNES 16 DE MARZO ANTE SITUACI\u00d3N DEL COVID-19"},"content":{"rendered":"\n<p>Durante la jornada de este domingo, 15 de marzo, el alcalde\nde la ciudad de Punta Arenas, Claudio Radonich Jim\u00e9nez, realiz\u00f3 el anunci\u00f3 de\nla suspensi\u00f3n de clases para los establecimientos educacionales pertenecientes\na la Corporaci\u00f3n Municipal de la comuna por los pr\u00f3ximos 14 d\u00edas. Lo anterior\npor le motivo de la r\u00e1pida propagaci\u00f3n del Covid \u2013 19 en el pa\u00eds.<\/p>\n\n\n\n<p>En este sentido, el alcalde de Punta Arenas, Claudio\nRadonich, expres\u00f3 que las oficinas municipales tomar\u00e1n las precauciones\ncorrespondientes para seguir atendiendo a las personas que deseen realizar\nalg\u00fan tipo de documentaci\u00f3n, pero \u201cdebemos prevenir que este virus llegue a la\nciudad es por eso que las clases fueron suspendidas, por su parte las\nactividades municipales tambi\u00e9n ser\u00e1n agendadas para el mes de abril sobre todo\nlas que ten\u00edamos pactadas con adultos mayores\u201d.<\/p>\n\n\n\n<p>Por su parte, el jefe del \u00c1rea de Educaci\u00f3n de la Cormupa, Christian\nReveco, manifest\u00f3 que \u201ccerca de 11 mil estudiantes son los que estudian en\nnuestros establecimientos municipales a los cuales en los pr\u00f3ximos d\u00edas le\nharemos entrega de material para que sigan estudiando desde sus hogares\u201d. As\u00ed tambi\u00e9n\nal ser consultado sobre la recuperaci\u00f3n de los d\u00edas que se perder\u00e1n \u201chasta el\nmomento no hemos visto esa situaci\u00f3n, pero lo analizaremos con el correr de los\nd\u00edas\u201d.<\/p>\n\n\n\n<p>As\u00ed tambi\u00e9n al ser consultado sobre la presencia de los\nprofesores y asistentes de la educaci\u00f3n en los establecimientos, Reveco, coment\u00f3\nque \u201chasta el momento hemos priorizado mantener la prevenci\u00f3n con nuestros alumnos,\ndurante el d\u00eda veremos qu\u00e9 suceder\u00e1 con ellos si se suman o no a la cuarentena\u201d.<\/p>\n\n\n\n<p>Hasta el momento se desconoce que suceder\u00e1 con los institutos\nde educaci\u00f3n superior como Santo Tom\u00e1s e Inacap y la Universidad de Magallanes.<\/p>\n\n\n\n<p>Finalmente, el alcalde inst\u00f3 a los conductores que deseen pagar su permiso de circulaci\u00f3n lo hagan a trav\u00e9s de la p\u00e1gina web <a href=\"http:\/\/www.puntaarenas.cl\">www.puntaarenas.cl<\/a>, recordando que desde este lunes se comenzar\u00e1 el pago de manera presencial, pero se tomar\u00e1n los resguardos correspondientes.<\/p>\n\n\n\n<p>CHH.<\/p>\n","protected":false},"excerpt":{"rendered":"<p>Durante la jornada de este domingo, 15 de marzo, el alcalde de la ciudad de Punta Arenas, Claudio Radonich Jim\u00e9nez, realiz\u00f3 el anunci\u00f3 de la suspensi\u00f3n de clases para los&#8230; <a class=\"read-more\" href=\"https:\/\/www.radiopresidenteibanez.cl\/web\/alcalde-de-punta-arenas-suspendio-las-clases-desde-este-lunes-16-de-marzo-ante-situacion-del-covid-19\/\">Leer m\u00e1s<\/a><\/p>\n","protected":false},"author":2,"featured_media":6060,"comment_status":"closed","ping_status":"closed","sticky":false,"template":"","format":"standard","meta":{"footnotes":""},"categories":[1],"tags":[],"class_list":["post-10246","post","type-post","status-publish","format-standard","has-post-thumbnail","hentry","category-cronica"],"_links":{"self":[{"href":"https:\/\/www.radiopresidenteibanez.cl\/web\/wp-json\/wp\/v2\/posts\/10246","targetHints":{"allow":["GET"]}}],"collection":[{"href":"https:\/\/www.radiopresidenteibanez.cl\/web\/wp-json\/wp\/v2\/posts"}],"about":[{"href":"https:\/\/www.radiopresidenteibanez.cl\/web\/wp-json\/wp\/v2\/types\/post"}],"author":[{"embeddable":true,"href":"https:\/\/www.radiopresidenteibanez.cl\/web\/wp-json\/wp\/v2\/users\/2"}],"replies":[{"embeddable":true,"href":"https:\/\/www.radiopresidenteibanez.cl\/web\/wp-json\/wp\/v2\/comments?post=10246"}],"version-history":[{"count":0,"href":"https:\/\/www.radiopresidenteibanez.cl\/web\/wp-json\/wp\/v2\/posts\/10246\/revisions"}],"wp:featuredmedia":[{"embeddable":true,"href":"https:\/\/www.radiopresidenteibanez.cl\/web\/wp-json\/wp\/v2\/media\/6060"}],"wp:attachment":[{"href":"https:\/\/www.radiopresidenteibanez.cl\/web\/wp-json\/wp\/v2\/media?parent=10246"}],"wp:term":[{"taxonomy":"category","embeddable":true,"href":"https:\/\/www.radiopresidenteibanez.cl\/web\/wp-json\/wp\/v2\/categories?post=10246"},{"taxonomy":"post_tag","embeddable":true,"href":"https:\/\/www.radiopresidenteibanez.cl\/web\/wp-json\/wp\/v2\/tags?post=10246"}],"curies":[{"name":"wp","href":"https:\/\/api.w.org\/{rel}","templated":true}]}}