{"id":10241,"date":"2020-03-13T00:51:06","date_gmt":"2020-03-13T00:51:06","guid":{"rendered":"https:\/\/www.radiopresidenteibanez.cl\/web\/?p=10241"},"modified":"2020-03-13T00:51:10","modified_gmt":"2020-03-13T00:51:10","slug":"cristian-reveco-nuestra-prioridad-es-garantizar-la-seguridad-de-nuestros-estudiantes-pero-el-apoyo-de-los-padres-es-fundamental","status":"publish","type":"post","link":"https:\/\/www.radiopresidenteibanez.cl\/web\/cristian-reveco-nuestra-prioridad-es-garantizar-la-seguridad-de-nuestros-estudiantes-pero-el-apoyo-de-los-padres-es-fundamental\/","title":{"rendered":"CRISTIAN REVECO: \u201cNUESTRA PRIORIDAD ES GARANTIZAR LA SEGURIDAD DE NUESTROS ESTUDIANTES, PERO EL APOYO DE LOS PADRES ES FUNDAMENTAL\u201d"},"content":{"rendered":"\n<p>Con una\ncitaci\u00f3n desde la Municipalidad de Punta Arenas a una reuni\u00f3n extraordinaria,\nencabezada por la alcaldesa (s) Elena Blackwood, termin\u00f3 la jornada de este\njueves, ya que cerca de las 18 horas los directores de los colegios de\nense\u00f1anza media, dependientes de la Corporaci\u00f3n Municipal de Punta Arenas, el\njefe del \u00c1rea Educaci\u00f3n de la CORMUPA, Cristian Reveco, &nbsp;la directora\nregional de la Superintendencia de Educaci\u00f3n en Magallanes, Zafira Ivelic\n&nbsp;y un representante de la secretar\u00eda regional de Educaci\u00f3n, concretaron la\nrevisi\u00f3n de los hechos ocurridos en nuestra ciudad, luego de las\nmanifestaciones y da\u00f1os causados por estudiantes secundarios.<\/p>\n\n\n\n<p>\u201cRevisamos\nlos incidentes ocurridos durante esta jornada en nuestra ciudad, los que\ncondenamos absolutamente. Los padres y apoderados de los alumnos que se\nretiraron de los distintos establecimientos sin autorizaci\u00f3n, fueron informados\noportunamente, con el fin de establecer y aplicar los protocolos internos de\nlos colegios\u201d, inform\u00f3 Blackwood al t\u00e9rmino de la reuni\u00f3n.<\/p>\n\n\n\n<p>Seg\u00fan\nargumentaron las autoridades, la Aplicaci\u00f3n de los reglamentos internos, podr\u00eda\nllegar a la expulsi\u00f3n de los estudiantes, si se comprobaran faltas graves que\nameriten aquello.<\/p>\n\n\n\n<p>De igual\nforma, Elena Blackwood, alcaldesa subrogante, reiter\u00f3 que \u201cla gran mayor\u00eda de\nlos estudiantes cumpli\u00f3 como corresponde su jornada, ya que s\u00f3lo cerca de un 5\npor ciento de los alumnos abandonaron los recintos sin autorizaci\u00f3n\u201d.<\/p>\n\n\n\n<p>En lo\nque refiere a la educaci\u00f3n b\u00e1sica, esta NO sufri\u00f3 alteraciones ni tampoco\ninconvenientes relacionado con las manifestaciones.<\/p>\n\n\n\n<p>Por su\nparte, Cristian Reveco, jefe del \u00c1rea Educaci\u00f3n de la Cormupa, explic\u00f3 que \u201cla\nprioridad es garantizar la seguridad de los estudiantes, pero el apoyo de los\npadres y apoderados es fundamental\u201d.<\/p>\n\n\n\n<p>Finalmente,\nReveco agreg\u00f3 que \u201cexisten normativas que establecen los reglamentos internos\nde los establecimientos, las cuales delimitan las acciones a seguir, lo que\nser\u00e1 revisado en el corto plazo\u201d.<\/p>\n","protected":false},"excerpt":{"rendered":"<p>Con una citaci\u00f3n desde la Municipalidad de Punta Arenas a una reuni\u00f3n extraordinaria, encabezada por la alcaldesa (s) Elena Blackwood, termin\u00f3 la jornada de este jueves, ya que cerca de&#8230; <a class=\"read-more\" href=\"https:\/\/www.radiopresidenteibanez.cl\/web\/cristian-reveco-nuestra-prioridad-es-garantizar-la-seguridad-de-nuestros-estudiantes-pero-el-apoyo-de-los-padres-es-fundamental\/\">Leer m\u00e1s<\/a><\/p>\n","protected":false},"author":2,"featured_media":10242,"comment_status":"closed","ping_status":"closed","sticky":false,"template":"","format":"standard","meta":{"footnotes":""},"categories":[1],"tags":[],"class_list":["post-10241","post","type-post","status-publish","format-standard","has-post-thumbnail","hentry","category-cronica"],"_links":{"self":[{"href":"https:\/\/www.radiopresidenteibanez.cl\/web\/wp-json\/wp\/v2\/posts\/10241","targetHints":{"allow":["GET"]}}],"collection":[{"href":"https:\/\/www.radiopresidenteibanez.cl\/web\/wp-json\/wp\/v2\/posts"}],"about":[{"href":"https:\/\/www.radiopresidenteibanez.cl\/web\/wp-json\/wp\/v2\/types\/post"}],"author":[{"embeddable":true,"href":"https:\/\/www.radiopresidenteibanez.cl\/web\/wp-json\/wp\/v2\/users\/2"}],"replies":[{"embeddable":true,"href":"https:\/\/www.radiopresidenteibanez.cl\/web\/wp-json\/wp\/v2\/comments?post=10241"}],"version-history":[{"count":0,"href":"https:\/\/www.radiopresidenteibanez.cl\/web\/wp-json\/wp\/v2\/posts\/10241\/revisions"}],"wp:featuredmedia":[{"embeddable":true,"href":"https:\/\/www.radiopresidenteibanez.cl\/web\/wp-json\/wp\/v2\/media\/10242"}],"wp:attachment":[{"href":"https:\/\/www.radiopresidenteibanez.cl\/web\/wp-json\/wp\/v2\/media?parent=10241"}],"wp:term":[{"taxonomy":"category","embeddable":true,"href":"https:\/\/www.radiopresidenteibanez.cl\/web\/wp-json\/wp\/v2\/categories?post=10241"},{"taxonomy":"post_tag","embeddable":true,"href":"https:\/\/www.radiopresidenteibanez.cl\/web\/wp-json\/wp\/v2\/tags?post=10241"}],"curies":[{"name":"wp","href":"https:\/\/api.w.org\/{rel}","templated":true}]}}