{"id":10238,"date":"2020-03-12T20:25:11","date_gmt":"2020-03-12T20:25:11","guid":{"rendered":"https:\/\/www.radiopresidenteibanez.cl\/web\/?p=10238"},"modified":"2020-03-12T20:25:16","modified_gmt":"2020-03-12T20:25:16","slug":"en-el-dia-mundial-del-rinon-el-hospital-de-natales-hace-un-llamado-a-la-prevencion","status":"publish","type":"post","link":"https:\/\/www.radiopresidenteibanez.cl\/web\/en-el-dia-mundial-del-rinon-el-hospital-de-natales-hace-un-llamado-a-la-prevencion\/","title":{"rendered":"EN EL D\u00cdA MUNDIAL DEL RI\u00d1\u00d3N EL HOSPITAL DE NATALES HACE UN LLAMADO A LA PREVENCI\u00d3N"},"content":{"rendered":"\n<p>Con el objetivo de conmemorar el D\u00eda Mundial del Ri\u00f1\u00f3n, este\njueves 12 de marzo, el Hospital Dr. Augusto Essmann Burgos de Puerto Natales\nrealiz\u00f3 actividades con el objetivo de educar a la comunidad sobre el cuidado de\nnuestros ri\u00f1ones. <\/p>\n\n\n\n<p>\u201cEn los \u00faltimos 10 a\u00f1os ha aumentado en forma significativa\nla insuficiencia renal cr\u00f3nica, lo que implica no s\u00f3lo un problema de salud\np\u00fablica, sino que tambi\u00e9n una problem\u00e1tica social y laboral\u201d, explic\u00f3 el\nDirector(s) del Hospital de Natales Dr. Darwin Letelier. <\/p>\n\n\n\n<p>Fue el enfermero supervisor(s) del Servicio de Di\u00e1lisis, Hugo\nArias, quien relev\u00f3 la importante labor que desarrollan los ri\u00f1ones \u201cestos son\nlos encargados de eliminar las sustancias de desecho y regular los l\u00edquidos en\nla sangre, por lo que su cuidado es fundamental\u201d, asegur\u00f3 el profesional. <\/p>\n\n\n\n<p>La forma de prevenci\u00f3n\nes llevar un&nbsp;<strong>estilo de vida saludable que\ncombine una dieta equilibrada y la realizaci\u00f3n de ejercicios peri\u00f3dicos<\/strong>,\nmedidas que ayudan a mantener a raya factores de riesgo como la diabetes,\nhipertensi\u00f3n, obesidad y el sedentarismo. \u201cPodemos prevenir <strong>manteniendo una dieta rica en verduras y frutas<\/strong>, baja en\ngrasas y alimentos procesados, estar&nbsp;<strong>f\u00edsicamente\nactivo<\/strong>&nbsp;haciendo ejercicio con regularidad, con el moderado\nconsumo de sal y az\u00facar, adem\u00e1s de<strong> evitar el consumo excesivo de\nalcohol<\/strong>\u00ab, agreg\u00f3 el enfermero. <\/p>\n\n\n\n<p>Asimismo, el supervisor\ndel Servicio de Di\u00e1lisis, &nbsp;se refiri\u00f3 al\naumento de las enfermedades renales, dijo: \u201ca nivel nacional el numero de\npersonas que dependen de hemodi\u00e1lisis ha incrementado. En nuestra comuna\nactualmente 41 personas son pacientes del Servicio de Di\u00e1lisis, cifra muy alta\nconsiderando el n\u00famero de habitantes. Por lo que hacemos la invitaci\u00f3n a los\npacientes cr\u00f3nicos diab\u00e9ticos e hipertensos a ser responsables de sus patolog\u00edas,\nmantener sus controles al d\u00eda y seguir las indicaciones m\u00e9dicas\u201d. <\/p>\n","protected":false},"excerpt":{"rendered":"<p>Con el objetivo de conmemorar el D\u00eda Mundial del Ri\u00f1\u00f3n, este jueves 12 de marzo, el Hospital Dr. Augusto Essmann Burgos de Puerto Natales realiz\u00f3 actividades con el objetivo de&#8230; <a class=\"read-more\" href=\"https:\/\/www.radiopresidenteibanez.cl\/web\/en-el-dia-mundial-del-rinon-el-hospital-de-natales-hace-un-llamado-a-la-prevencion\/\">Leer m\u00e1s<\/a><\/p>\n","protected":false},"author":2,"featured_media":10239,"comment_status":"closed","ping_status":"closed","sticky":false,"template":"","format":"standard","meta":{"footnotes":""},"categories":[1],"tags":[],"class_list":["post-10238","post","type-post","status-publish","format-standard","has-post-thumbnail","hentry","category-cronica"],"_links":{"self":[{"href":"https:\/\/www.radiopresidenteibanez.cl\/web\/wp-json\/wp\/v2\/posts\/10238","targetHints":{"allow":["GET"]}}],"collection":[{"href":"https:\/\/www.radiopresidenteibanez.cl\/web\/wp-json\/wp\/v2\/posts"}],"about":[{"href":"https:\/\/www.radiopresidenteibanez.cl\/web\/wp-json\/wp\/v2\/types\/post"}],"author":[{"embeddable":true,"href":"https:\/\/www.radiopresidenteibanez.cl\/web\/wp-json\/wp\/v2\/users\/2"}],"replies":[{"embeddable":true,"href":"https:\/\/www.radiopresidenteibanez.cl\/web\/wp-json\/wp\/v2\/comments?post=10238"}],"version-history":[{"count":0,"href":"https:\/\/www.radiopresidenteibanez.cl\/web\/wp-json\/wp\/v2\/posts\/10238\/revisions"}],"wp:featuredmedia":[{"embeddable":true,"href":"https:\/\/www.radiopresidenteibanez.cl\/web\/wp-json\/wp\/v2\/media\/10239"}],"wp:attachment":[{"href":"https:\/\/www.radiopresidenteibanez.cl\/web\/wp-json\/wp\/v2\/media?parent=10238"}],"wp:term":[{"taxonomy":"category","embeddable":true,"href":"https:\/\/www.radiopresidenteibanez.cl\/web\/wp-json\/wp\/v2\/categories?post=10238"},{"taxonomy":"post_tag","embeddable":true,"href":"https:\/\/www.radiopresidenteibanez.cl\/web\/wp-json\/wp\/v2\/tags?post=10238"}],"curies":[{"name":"wp","href":"https:\/\/api.w.org\/{rel}","templated":true}]}}