{"id":10235,"date":"2020-03-12T20:22:43","date_gmt":"2020-03-12T20:22:43","guid":{"rendered":"https:\/\/www.radiopresidenteibanez.cl\/web\/?p=10235"},"modified":"2020-03-12T20:22:47","modified_gmt":"2020-03-12T20:22:47","slug":"este-sabado-14-y-domingo-15-de-marzo-iva-brigada-aerea-invita-a-visitar-exposicion-en-zona-franca-que-conmemora-los-90-anos-de-la-fach","status":"publish","type":"post","link":"https:\/\/www.radiopresidenteibanez.cl\/web\/este-sabado-14-y-domingo-15-de-marzo-iva-brigada-aerea-invita-a-visitar-exposicion-en-zona-franca-que-conmemora-los-90-anos-de-la-fach\/","title":{"rendered":"ESTE S\u00c1BADO 14 Y DOMINGO 15 DE MARZO: IVA BRIGADA A\u00c9REA INVITA A VISITAR EXPOSICI\u00d3N EN ZONA FRANCA QUE CONMEMORA LOS 90 A\u00d1OS DE LA FACH"},"content":{"rendered":"\n<p>En el marco de las actividades programadas con motivo\ndel Nonag\u00e9simo Aniversario de la Fuerza A\u00e9rea de Chile, la IV<sup>a <\/sup>Brigada\nA\u00e9rea invita a toda la comunidad magall\u00e1nica a visitar la exposici\u00f3n\ninstitucional que presentar\u00e1 este fin de semana, en las salas de exhibici\u00f3n de\nZonAustral \u2013 Zona Franca.<\/p>\n\n\n\n<p>\u201cEstamos conmemorando los 90 a\u00f1os de la Fuerza A\u00e9rea\nde Chile con diversas actividades e iniciativas que permiten estrechar nuestros\nlazos con la comunidad, y esta exposici\u00f3n en Zona Franca es una de ellas, ya\nque acercaremos nuestro quehacer institucional a la ciudadan\u00eda de manera interactiva\ny familiar, para que puedan conocer m\u00e1s acerca de la gran labor que cumplimos\nal servicio del pa\u00eds\u201d, expres\u00f3 el Comandante en Jefe de la IV<sup>a<\/sup>\nBrigada A\u00e9rea, General de Brigada A\u00e9rea (A) Eduardo Mosqueira Cruz.<\/p>\n\n\n\n<p>La muestra contar\u00e1 con la participaci\u00f3n del Museo\nNacional Aeron\u00e1utico y del Espacio, el Servicio Aerofotogram\u00e9trico de la Fach\n(SAF), las Escuelas Matrices de la Instituci\u00f3n, el Club de Aeromodelismo y el\nmaquetista Jorge Tima, entre otros invitados; junto con el despliegue de las diferentes\nUnidades t\u00e1cticas y de apoyo de la IV<sup>a<\/sup> Brigada A\u00e9rea, que\npresentar\u00e1n atractivos stand con equipamiento e informaci\u00f3n, simuladores de\nvuelo y muro de escalada.<\/p>\n\n\n\n<p>Al respecto, el jefe de Marketing y Comunicaciones de\nZona Franca, Oscar Sanhueza, coment\u00f3 que \u201ces una tradici\u00f3n recibir cada a\u00f1o la\nmuestra interactiva de la Fuerza A\u00e9rea de Chile junto a la IV<sup>a<\/sup>\nBrigada, que en cada versi\u00f3n nos sorprende con novedades y actividades\ninformativas y de entretenci\u00f3n, las cuales resultan de gran inter\u00e9s para el\np\u00fablico local. Los dejamos a todos invitados a disfrutar de esta nueva edici\u00f3n,\nen un espacio familiar y seguro como ZonAustral\u201d. <\/p>\n\n\n\n<p>La exposici\u00f3n estar\u00e1 abierta a la comunidad los d\u00edas\ns\u00e1bado 14 y domingo 15 de marzo, en el horario de funcionamiento del recinto\ncomercial, ubicado en Avenida Bulnes Km. 3,5 Norte, Punta Arenas.<\/p>\n","protected":false},"excerpt":{"rendered":"<p>En el marco de las actividades programadas con motivo del Nonag\u00e9simo Aniversario de la Fuerza A\u00e9rea de Chile, la IVa Brigada A\u00e9rea invita a toda la comunidad magall\u00e1nica a visitar&#8230; <a class=\"read-more\" href=\"https:\/\/www.radiopresidenteibanez.cl\/web\/este-sabado-14-y-domingo-15-de-marzo-iva-brigada-aerea-invita-a-visitar-exposicion-en-zona-franca-que-conmemora-los-90-anos-de-la-fach\/\">Leer m\u00e1s<\/a><\/p>\n","protected":false},"author":2,"featured_media":10236,"comment_status":"closed","ping_status":"closed","sticky":false,"template":"","format":"standard","meta":{"footnotes":""},"categories":[1],"tags":[],"class_list":["post-10235","post","type-post","status-publish","format-standard","has-post-thumbnail","hentry","category-cronica"],"_links":{"self":[{"href":"https:\/\/www.radiopresidenteibanez.cl\/web\/wp-json\/wp\/v2\/posts\/10235","targetHints":{"allow":["GET"]}}],"collection":[{"href":"https:\/\/www.radiopresidenteibanez.cl\/web\/wp-json\/wp\/v2\/posts"}],"about":[{"href":"https:\/\/www.radiopresidenteibanez.cl\/web\/wp-json\/wp\/v2\/types\/post"}],"author":[{"embeddable":true,"href":"https:\/\/www.radiopresidenteibanez.cl\/web\/wp-json\/wp\/v2\/users\/2"}],"replies":[{"embeddable":true,"href":"https:\/\/www.radiopresidenteibanez.cl\/web\/wp-json\/wp\/v2\/comments?post=10235"}],"version-history":[{"count":0,"href":"https:\/\/www.radiopresidenteibanez.cl\/web\/wp-json\/wp\/v2\/posts\/10235\/revisions"}],"wp:featuredmedia":[{"embeddable":true,"href":"https:\/\/www.radiopresidenteibanez.cl\/web\/wp-json\/wp\/v2\/media\/10236"}],"wp:attachment":[{"href":"https:\/\/www.radiopresidenteibanez.cl\/web\/wp-json\/wp\/v2\/media?parent=10235"}],"wp:term":[{"taxonomy":"category","embeddable":true,"href":"https:\/\/www.radiopresidenteibanez.cl\/web\/wp-json\/wp\/v2\/categories?post=10235"},{"taxonomy":"post_tag","embeddable":true,"href":"https:\/\/www.radiopresidenteibanez.cl\/web\/wp-json\/wp\/v2\/tags?post=10235"}],"curies":[{"name":"wp","href":"https:\/\/api.w.org\/{rel}","templated":true}]}}