{"id":10227,"date":"2020-03-12T20:13:11","date_gmt":"2020-03-12T20:13:11","guid":{"rendered":"https:\/\/www.radiopresidenteibanez.cl\/web\/?p=10227"},"modified":"2020-03-12T20:13:15","modified_gmt":"2020-03-12T20:13:15","slug":"mop-inicio-obras-de-control-sedimentologico-en-el-rio-las-minas","status":"publish","type":"post","link":"https:\/\/www.radiopresidenteibanez.cl\/web\/mop-inicio-obras-de-control-sedimentologico-en-el-rio-las-minas\/","title":{"rendered":"MOP INICI\u00d3 OBRAS DE CONTROL SEDIMENTOL\u00d3GICO EN EL R\u00cdO LAS MINAS"},"content":{"rendered":"\n<p>Se realiz\u00f3 la colocaci\u00f3n de\nla primera piedra, para el inicio de las obras de control sedimentol\u00f3gico en el\nR\u00edo Las Minas, a cargo de la Direcci\u00f3n de Obras Hidr\u00e1ulicas del Ministerio de\nObras P\u00fablicas.<\/p>\n\n\n\n<p>El proyecto considera la\nconstrucci\u00f3n de la primera barrera de control sedimentol\u00f3gico aguas arriba del\nPuente Frei, canales de vaciado laterales sobre ambas riberas del R\u00edo Las\nMinas, la ejecuci\u00f3n de 77 metros lineales de muros de hormig\u00f3n, y la\nconstrucci\u00f3n de 200 ml de radier de hormig\u00f3n armado y su sistema de drenaje.<\/p>\n\n\n\n<p>En este importante hito\nestuvo presente la Directora General de Obras P\u00fablicas, Mariana Concha, quien\ndestac\u00f3 que:\u201cTras el aluvi\u00f3n en el R\u00edo Las Minas, en el primer\nGobierno del Presidente Pi\u00f1era, ten\u00edamos el mandato de hacer un dise\u00f1o que\nasegurara la seguridad de la poblaci\u00f3n y ello ha ido avanzando de manera\nsignificativa\u201d.<\/p>\n\n\n\n<p>\u201cHoy estamos concluyendo este proceso y podemos ver estas inmensas obras\nque ha hecho la Direcci\u00f3n de Obras Hidr\u00e1ulicas, cumpliendo el mandato del\nPresidente, y estamos en las etapas finales donde se construir\u00e1 un vertedero\npara retener sedimentos gruesos y tambi\u00e9n encausar las aguas que sigan hacia\nabajo. Con esto la ciudad quedar\u00e1 mucho m\u00e1s protegida y es muy poco probable\nque exista un evento extremo que inunde la ciudad\u201d, dijo la autoridad del MOP.<\/p>\n\n\n\n<p>Inform\u00f3 el Seremi Rendoll, en tanto, que en esta primera etapa se est\u00e1n\ninvirtiendo $ 2.458.609.866, contempl\u00e1ndose seg\u00fan el estudio la construcci\u00f3n de\n3 barreras de control sedimentol\u00f3gico aguas arriba del puente Frei y la\nconsolidaci\u00f3n de las riberas con cerca de 900 metros lineales de muros de\nhormig\u00f3n entre 4 y 7 metros de altura desde el puente Frei aguas arriba, por\nambas riberas. <\/p>\n\n\n\n<p>\u201cEs una obra fant\u00e1stica, de mucho beneficio para la poblaci\u00f3n, tanto para\nel norte como el sur de este sector, dijo por su parte en la puesta en marcha\nde los trabajos, el Presidente de la Junta de Vecinos N\u00b0 39 Santos Mardones,\nJorge Vergara.<\/p>\n\n\n\n<p>A\u00f1adi\u00f3 el dirigente vecinal que \u201cagradezco al Gobierno y a las autoridades\npor la preocupaci\u00f3n que tienen sobre este tema, as\u00ed que estamos felices porque\ncreemos que esta es una obra de bastante envergadura que traer\u00e1 muchos\nbeneficios a la comunidad\u201d.<\/p>\n\n\n\n<p>Finalmente, destacaron las autoridades del Ministerio de Obras P\u00fablicas que\ncon la reposici\u00f3n de los Puentes Bories, Chilo\u00e9 y Lautaro Navarro, se ha\ndisminuido considerablemente el riesgo de inundaciones, al incrementarse la\ncapacidad de porteo del r\u00edo en su tramo urbano.<\/p>\n","protected":false},"excerpt":{"rendered":"<p>Se realiz\u00f3 la colocaci\u00f3n de la primera piedra, para el inicio de las obras de control sedimentol\u00f3gico en el R\u00edo Las Minas, a cargo de la Direcci\u00f3n de Obras Hidr\u00e1ulicas&#8230; <a class=\"read-more\" href=\"https:\/\/www.radiopresidenteibanez.cl\/web\/mop-inicio-obras-de-control-sedimentologico-en-el-rio-las-minas\/\">Leer m\u00e1s<\/a><\/p>\n","protected":false},"author":2,"featured_media":10228,"comment_status":"closed","ping_status":"closed","sticky":false,"template":"","format":"standard","meta":{"footnotes":""},"categories":[1],"tags":[],"class_list":["post-10227","post","type-post","status-publish","format-standard","has-post-thumbnail","hentry","category-cronica"],"_links":{"self":[{"href":"https:\/\/www.radiopresidenteibanez.cl\/web\/wp-json\/wp\/v2\/posts\/10227","targetHints":{"allow":["GET"]}}],"collection":[{"href":"https:\/\/www.radiopresidenteibanez.cl\/web\/wp-json\/wp\/v2\/posts"}],"about":[{"href":"https:\/\/www.radiopresidenteibanez.cl\/web\/wp-json\/wp\/v2\/types\/post"}],"author":[{"embeddable":true,"href":"https:\/\/www.radiopresidenteibanez.cl\/web\/wp-json\/wp\/v2\/users\/2"}],"replies":[{"embeddable":true,"href":"https:\/\/www.radiopresidenteibanez.cl\/web\/wp-json\/wp\/v2\/comments?post=10227"}],"version-history":[{"count":0,"href":"https:\/\/www.radiopresidenteibanez.cl\/web\/wp-json\/wp\/v2\/posts\/10227\/revisions"}],"wp:featuredmedia":[{"embeddable":true,"href":"https:\/\/www.radiopresidenteibanez.cl\/web\/wp-json\/wp\/v2\/media\/10228"}],"wp:attachment":[{"href":"https:\/\/www.radiopresidenteibanez.cl\/web\/wp-json\/wp\/v2\/media?parent=10227"}],"wp:term":[{"taxonomy":"category","embeddable":true,"href":"https:\/\/www.radiopresidenteibanez.cl\/web\/wp-json\/wp\/v2\/categories?post=10227"},{"taxonomy":"post_tag","embeddable":true,"href":"https:\/\/www.radiopresidenteibanez.cl\/web\/wp-json\/wp\/v2\/tags?post=10227"}],"curies":[{"name":"wp","href":"https:\/\/api.w.org\/{rel}","templated":true}]}}