{"id":10222,"date":"2020-03-12T20:07:56","date_gmt":"2020-03-12T20:07:56","guid":{"rendered":"https:\/\/www.radiopresidenteibanez.cl\/web\/?p=10222"},"modified":"2020-03-12T20:08:00","modified_gmt":"2020-03-12T20:08:00","slug":"nuevo-sistema-de-acceso-universitario-reemplazara-la-psu-y-aumenta-reconocimiento-de-la-trayectoria-escolar-de-los-jovenes","status":"publish","type":"post","link":"https:\/\/www.radiopresidenteibanez.cl\/web\/nuevo-sistema-de-acceso-universitario-reemplazara-la-psu-y-aumenta-reconocimiento-de-la-trayectoria-escolar-de-los-jovenes\/","title":{"rendered":"NUEVO SISTEMA DE ACCESO UNIVERSITARIO REEMPLAZAR\u00c1 LA PSU Y AUMENTA RECONOCIMIENTO DE LA TRAYECTORIA ESCOLAR DE LOS J\u00d3VENES"},"content":{"rendered":"\n<p>El Subsecretario de Educaci\u00f3n Superior, Juan Eduardo Vargas, junto a los integrantes del Comit\u00e9 T\u00e9cnico de Acceso a la Educaci\u00f3n Universitaria, anunciaron esta tarde los principales ejes del&nbsp;<strong>Nuevo Sistema de Acceso al subsistema Universitario<\/strong>&nbsp;que, de acuerdo con lo establecido en la Ley de Educaci\u00f3n Superior, comenzar\u00e1 a regir este a\u00f1o. Los cambios del subsistema T\u00e9cnico Profesional se informar\u00e1n pr\u00f3ximamente.<\/p>\n\n\n\n<p>Tras 10 meses de trabajo, donde se recogi\u00f3 evidencia nacional e internacional, y en un proceso participativo que escuch\u00f3 a m\u00e1s de 15 organismos, el Comit\u00e9 acord\u00f3 iniciar una hoja de cambios profundos y graduales, que permitir\u00e1n aumentar la equidad del sistema y asegurar el desarrollo de instrumentos de calidad. \u201cEl sistema, que por 16 a\u00f1os se bas\u00f3 en la PSU, hoy termina. A partir de este a\u00f1o se iniciar\u00e1 la transici\u00f3n a un sistema que permitir\u00e1 a las universidades ponderar con mayor flexibilidad pruebas de acceso, notas de ense\u00f1anza media y ranking escolar\u201d, enfatiz\u00f3 el subsecretario Vargas.<\/p>\n\n\n\n<p>De esta manera,&nbsp;el Comit\u00e9 ha resuelto reemplazar la PSU por una Nueva Prueba&nbsp;de Acceso obligatoria de Competencias Lectoras, una Prueba de Acceso obligatoria de Competencias Matem\u00e1ticas y una serie de pruebas electivas. Las Nuevas Pruebas de Acceso reducir\u00e1n a 65 el n\u00famero de preguntas, actualizar\u00e1n el temario a las bases curriculares y se enfocar\u00e1n en medir competencias y no conocimientos como la PSU, centr\u00e1ndose en aquellas que son esenciales para un buen desempe\u00f1o en la educaci\u00f3n superior. De esta manera, se eliminar\u00e1 alrededor de un tercio de los contenidos o secciones, que de acuerdo con toda la evidencia no eran esenciales y propiciaban inequidades entre los estudiantes.<\/p>\n\n\n\n<p>\u201cLos cambios ser\u00e1n profundos y graduales, para no afectar a los miles de j\u00f3venes que ya se han preparado para la PSU. Por esto, en 2020 y 2021 se tomar\u00e1n Pruebas de Transici\u00f3n que en la misma l\u00ednea de la futura prueba eliminar\u00e1n los aspectos m\u00e1s cuestionados de la PSU y sumar\u00e1n preguntas que midan las competencias esenciales para el buen desempe\u00f1o de los estudiantes en la Educaci\u00f3n Superior\u201d, detall\u00f3 el subsecretario, quien agreg\u00f3 que los temarios de las pruebas 2020 ya est\u00e1n disponibles en el portal del DEMRE de la Universidad de Chile.<\/p>\n\n\n\n<p>El Comit\u00e9 est\u00e1 integrado por el rector de la UC, Ignacio S\u00e1nchez, el rector de la U. de Chile, Ennio Vivaldi, el rector de la U. T\u00e9cnica Federico Santa Mar\u00eda, Darcy Fuenzalida, el rector de la U. de Magallanes, Juan Oyarzo, el rector de la U. de Antofagasta, Luis Loyola, el rector de la U. del Desarrollo, Federico Vald\u00e9s, y el rector de la U. Mayor, Rub\u00e9n Covarrubias.<\/p>\n\n\n\n<p><strong>Otros cambios y agenda 2020<\/strong><\/p>\n\n\n\n<p>Adem\u00e1s del cambio en la prueba, nuevo sistema permitir\u00e1 que j\u00f3venes de alto rendimiento escolar puedan postular a las universidades, independientemente del puntaje promedio que obtengan en las pruebas obligatorias; facultar\u00e1 a las universidades para que ampl\u00eden su admisi\u00f3n especial, con mayor fuerza en las zonas extremas, y reducir\u00e1 la ponderaci\u00f3n m\u00ednima exigida de las pruebas, para que las instituciones puedan complementarla con las Notas de Ense\u00f1anza Media y el Ranking de Notas.<\/p>\n\n\n\n<p>Finalmente, el Comit\u00e9 anunci\u00f3 que a este a\u00f1o continuar\u00e1 un trabajo en di\u00e1logo con la comunidad escolar, acad\u00e9micos, expertos nacionales e internacionales, y realizar\u00e1n estudios con el fin de avanzar a un sistema m\u00e1s equitativo, flexible y diverso.<\/p>\n\n\n\n<p><strong>&nbsp;&nbsp;&nbsp;&nbsp;&nbsp;&nbsp;&nbsp;&nbsp;&nbsp;&nbsp;&nbsp;&nbsp;&nbsp;&nbsp;&nbsp;&nbsp;&nbsp;&nbsp;&nbsp;&nbsp;&nbsp;&nbsp;&nbsp;&nbsp;&nbsp;&nbsp;&nbsp;&nbsp; Resumen cambios Sistema de Acceso Universitario 2020<\/strong><\/p>\n\n\n\n<figure class=\"wp-block-table\"><table class=\"\"><tbody><tr><td><\/td><td><strong>Sistema Actual<\/strong><strong><\/strong><\/td><td><strong>Nuevo Sistema de Admisi\u00f3n<\/strong><strong><\/strong><\/td><\/tr><tr><td><strong>Prueba de acceso<\/strong><strong><\/strong><\/td><td>Prueba de Selecci\u00f3n Universitaria.&nbsp;<\/td><td>Nueva Prueba de Transici\u00f3n 2020-2021, reduce a 65 preguntas, ajusta temarios e incorpora medici\u00f3n de competencias y no s\u00f3lo conocimientos. Eliminar\u00e1 alrededor de un tercio de los contenidos o secciones, que de acuerdo con toda la evidencia no eran esenciales y propiciaban inequidades entre los estudiantes.<\/td><\/tr><tr><td><strong>Ponderaci\u00f3n de la prueba<\/strong><\/td><td>Se exige a las universidades una ponderaci\u00f3n m\u00ednima de 50% de la PSU.<\/td><td><a>Se reduce la ponderaci\u00f3n m\u00ednima de la prueba a un 30%, para ampliar flexibilidad de todos los instrumentos (NEM y Ranking).<\/a><\/td><\/tr><tr><td><strong>Requisitos m\u00ednimos para postular<\/strong><strong><\/strong><\/td><td>Se exige un m\u00ednimo 450 puntos promedio en las pruebas de Lenguaje y Matem\u00e1ticas, independientemente del rendimiento acad\u00e9mico escolar.<\/td><td>450 puntos promedio en las pruebas de Lenguaje y Matem\u00e1ticas.Nueva habilitaci\u00f3n para estudiantes que obtengan un Promedio de notas de Ense\u00f1anza Media que los ubique en el 10% superior de su establecimiento. Esto beneficiar\u00e1 a alrededor de 6 mil estudiantes.<\/td><\/tr><tr><td><strong>Admisi\u00f3n Especial<\/strong><strong><\/strong><\/td><td>Se permite un 15% de admisi\u00f3n especial para todas las universidades y 20% para las de zonas extremas.<\/td><td>Se aumenta la admisi\u00f3n especial a un 20% para todas las universidades y 25% a las universidades de zonas extremas.<\/td><\/tr><\/tbody><\/table><\/figure>\n","protected":false},"excerpt":{"rendered":"<p>El Subsecretario de Educaci\u00f3n Superior, Juan Eduardo Vargas, junto a los integrantes del Comit\u00e9 T\u00e9cnico de Acceso a la Educaci\u00f3n Universitaria, anunciaron esta tarde los principales ejes del&nbsp;Nuevo Sistema de&#8230; <a class=\"read-more\" href=\"https:\/\/www.radiopresidenteibanez.cl\/web\/nuevo-sistema-de-acceso-universitario-reemplazara-la-psu-y-aumenta-reconocimiento-de-la-trayectoria-escolar-de-los-jovenes\/\">Leer m\u00e1s<\/a><\/p>\n","protected":false},"author":2,"featured_media":10223,"comment_status":"closed","ping_status":"closed","sticky":false,"template":"","format":"standard","meta":{"footnotes":""},"categories":[1],"tags":[],"class_list":["post-10222","post","type-post","status-publish","format-standard","has-post-thumbnail","hentry","category-cronica"],"_links":{"self":[{"href":"https:\/\/www.radiopresidenteibanez.cl\/web\/wp-json\/wp\/v2\/posts\/10222","targetHints":{"allow":["GET"]}}],"collection":[{"href":"https:\/\/www.radiopresidenteibanez.cl\/web\/wp-json\/wp\/v2\/posts"}],"about":[{"href":"https:\/\/www.radiopresidenteibanez.cl\/web\/wp-json\/wp\/v2\/types\/post"}],"author":[{"embeddable":true,"href":"https:\/\/www.radiopresidenteibanez.cl\/web\/wp-json\/wp\/v2\/users\/2"}],"replies":[{"embeddable":true,"href":"https:\/\/www.radiopresidenteibanez.cl\/web\/wp-json\/wp\/v2\/comments?post=10222"}],"version-history":[{"count":0,"href":"https:\/\/www.radiopresidenteibanez.cl\/web\/wp-json\/wp\/v2\/posts\/10222\/revisions"}],"wp:featuredmedia":[{"embeddable":true,"href":"https:\/\/www.radiopresidenteibanez.cl\/web\/wp-json\/wp\/v2\/media\/10223"}],"wp:attachment":[{"href":"https:\/\/www.radiopresidenteibanez.cl\/web\/wp-json\/wp\/v2\/media?parent=10222"}],"wp:term":[{"taxonomy":"category","embeddable":true,"href":"https:\/\/www.radiopresidenteibanez.cl\/web\/wp-json\/wp\/v2\/categories?post=10222"},{"taxonomy":"post_tag","embeddable":true,"href":"https:\/\/www.radiopresidenteibanez.cl\/web\/wp-json\/wp\/v2\/tags?post=10222"}],"curies":[{"name":"wp","href":"https:\/\/api.w.org\/{rel}","templated":true}]}}