{"id":1022,"date":"2019-02-03T14:43:34","date_gmt":"2019-02-03T14:43:34","guid":{"rendered":"http:\/\/www.radiopresidenteibanez.cl\/web\/?p=1022"},"modified":"2019-02-03T14:43:41","modified_gmt":"2019-02-03T14:43:41","slug":"cchc-punta-arenas-se-reunio-el-senador-carlos-bianchi","status":"publish","type":"post","link":"https:\/\/www.radiopresidenteibanez.cl\/web\/cchc-punta-arenas-se-reunio-el-senador-carlos-bianchi\/","title":{"rendered":"CCHC PUNTA ARENAS SE REUNI\u00d3 EL SENADOR CARLOS BIANCHI"},"content":{"rendered":"\n<p>El Consejo Regional de la C\u00e1mara Chilena de la Construcci\u00f3n Punta Arenas sostuvo una reuni\u00f3n con el senador Carlos Bianchi con el fin de trabajar por el desarrollo regional y recabar antecedentes sobre el estado de avance de los reglamentos que regular\u00e1n la nueva figura de los gobernadores a ser democr\u00e1ticamente elegidos en 2020.<\/p>\n\n\n\n<p>La&nbsp;reuni\u00f3n&nbsp;se realiz\u00f3 en la sede de la C\u00e1mara regional y entre los t\u00f3picos tratados estuvieron los Planes de Ordenamiento Territorial, los reglamentos del Gobierno Regional, el traspaso de competencias, y la asignaci\u00f3n de recursos econ\u00f3micos a proyectos de infraestructura.<\/p>\n\n\n\n<p>\u201cLa CChC tiene mucho que decir con respecto al desarrollo de la regi\u00f3n y el ordenamiento interno. Por lo tanto, que tengan el inter\u00e9s de conocer de primera fuente los lineamientos del nuevo gobernador regional me parece altamente interesante, y por eso hemos venido a dar una charla completa sobre el tema, con una exposici\u00f3n de c\u00f3mo va a ser la pr\u00f3xima administraci\u00f3n, y lo relevante que va a ser la participaci\u00f3n de la C\u00e1mara en las futuras decisiones de orden territorial\u201d, se\u00f1al\u00f3 Carlos Bianchi, senador por la regi\u00f3n de Magallanes y Ant\u00e1rtica Chilena.<\/p>\n\n\n\n<p>\u201cAgradezco esta invitaci\u00f3n porque lo que hace es anticiparnos, permitirnos recabar m\u00e1s informaci\u00f3n, aumentar conocimiento sobre el nuevo gobernador regional. Valoro mucho esta reuni\u00f3n, que fue tremendamente productiva\u201d, agreg\u00f3 el parlamentario.<\/p>\n\n\n\n<p>Al finalizar la&nbsp;reuni\u00f3n, Bianchi se comprometi\u00f3 a agendar al menos dos encuentros de trabajo m\u00e1s durante el a\u00f1o con el Consejo Regional de la C\u00e1mara de Punta Arenas, con el fin de tratar tem\u00e1ticas territoriales y de vivienda.<\/p>\n\n\n\n<p>\u201cEsta era el \u00faltimo parlamentario con quien ten\u00edamos consignada una reuni\u00f3n de trabajo para poder abordar el tema de los pr\u00f3ximos gobiernos regionales que se vienen encima. Fue una reuni\u00f3n que cont\u00f3 con una extensa exposici\u00f3n sobre la dependencia del Gobierno Regional, sus nuevas competencias y el procedimiento de traspaso de competencias, y como Consejo Regional quedamos con algunas inquietudes que se van a volver a tratar en marzo y que vamos a trabajar, y que a su vez el senador se comprometi\u00f3 a responder\u201d, declar\u00f3 Jos\u00e9 Alvarado, presidente de la CChC Punta Arenas.&nbsp;<\/p>\n","protected":false},"excerpt":{"rendered":"<p>El Consejo Regional de la C\u00e1mara Chilena de la Construcci\u00f3n Punta Arenas sostuvo una reuni\u00f3n con el senador Carlos Bianchi con el fin de trabajar por el desarrollo regional y&#8230; <a class=\"read-more\" href=\"https:\/\/www.radiopresidenteibanez.cl\/web\/cchc-punta-arenas-se-reunio-el-senador-carlos-bianchi\/\">Leer m\u00e1s<\/a><\/p>\n","protected":false},"author":2,"featured_media":1023,"comment_status":"closed","ping_status":"closed","sticky":false,"template":"","format":"standard","meta":{"footnotes":""},"categories":[1],"tags":[],"class_list":["post-1022","post","type-post","status-publish","format-standard","has-post-thumbnail","hentry","category-cronica"],"_links":{"self":[{"href":"https:\/\/www.radiopresidenteibanez.cl\/web\/wp-json\/wp\/v2\/posts\/1022","targetHints":{"allow":["GET"]}}],"collection":[{"href":"https:\/\/www.radiopresidenteibanez.cl\/web\/wp-json\/wp\/v2\/posts"}],"about":[{"href":"https:\/\/www.radiopresidenteibanez.cl\/web\/wp-json\/wp\/v2\/types\/post"}],"author":[{"embeddable":true,"href":"https:\/\/www.radiopresidenteibanez.cl\/web\/wp-json\/wp\/v2\/users\/2"}],"replies":[{"embeddable":true,"href":"https:\/\/www.radiopresidenteibanez.cl\/web\/wp-json\/wp\/v2\/comments?post=1022"}],"version-history":[{"count":0,"href":"https:\/\/www.radiopresidenteibanez.cl\/web\/wp-json\/wp\/v2\/posts\/1022\/revisions"}],"wp:featuredmedia":[{"embeddable":true,"href":"https:\/\/www.radiopresidenteibanez.cl\/web\/wp-json\/wp\/v2\/media\/1023"}],"wp:attachment":[{"href":"https:\/\/www.radiopresidenteibanez.cl\/web\/wp-json\/wp\/v2\/media?parent=1022"}],"wp:term":[{"taxonomy":"category","embeddable":true,"href":"https:\/\/www.radiopresidenteibanez.cl\/web\/wp-json\/wp\/v2\/categories?post=1022"},{"taxonomy":"post_tag","embeddable":true,"href":"https:\/\/www.radiopresidenteibanez.cl\/web\/wp-json\/wp\/v2\/tags?post=1022"}],"curies":[{"name":"wp","href":"https:\/\/api.w.org\/{rel}","templated":true}]}}