{"id":10212,"date":"2020-03-12T14:42:14","date_gmt":"2020-03-12T14:42:14","guid":{"rendered":"https:\/\/www.radiopresidenteibanez.cl\/web\/?p=10212"},"modified":"2020-03-12T14:42:17","modified_gmt":"2020-03-12T14:42:17","slug":"profesores-magallanicos-se-capacitan-en-uso-de-tecnologia-en-el-aula","status":"publish","type":"post","link":"https:\/\/www.radiopresidenteibanez.cl\/web\/profesores-magallanicos-se-capacitan-en-uso-de-tecnologia-en-el-aula\/","title":{"rendered":"PROFESORES MAGALL\u00c1NICOS SE CAPACITAN EN USO DE TECNOLOG\u00cdA EN EL AULA"},"content":{"rendered":"\n<p>Si bien para muchos profesores el celular\nes un enemigo, cerca de 25 profesores se capacitaron para hacer de la\ntecnolog\u00eda su mejor aliado. Se trata del primer Campamento docente Explora VA\nen Magallanes, que comenz\u00f3 este martes en modalidad de internado y se extender\u00e1\nhasta el s\u00e1bado en la ciudad de Porvenir. <\/p>\n\n\n\n<p>La actividad organizada por el PAR\nExplora Magallanes, perteneciente al Minsiterio de la Ciencia, Tecnolog\u00eda,\nConocimiento e Innovaci\u00f3n, busca&nbsp;\nenriquecer las pr\u00e1cticas pedag\u00f3gicas de los y las profesionales de la\neducaci\u00f3n a trav\u00e9s de metodolog\u00edas innovadoras y donde puedan repensar los\nm\u00e9todos de ense\u00f1anza y enfocarlos en el desarrollo de las competencias\nrequeridas para el siglo XXI <\/p>\n\n\n\n<p>\u201cLos\nprofesores son las personas principales para que todos los ni\u00f1os, ni\u00f1as y\nadoelscentes puedan tener un aprendizaje entretenido y puedan definir tambi\u00e9n\nqu\u00e9 quieren hacer de su vida. Ellos son el agente principal que influye muchas\nveces en las decisiones que toman, por lo que consideramos super importante\nentregarles herramientas para aplicar en sus aulas\u201d, explic\u00f3 Claudia Salinas,\ndirectora del PAR Explora Magallanes. <\/p>\n\n\n\n<p>Adem\u00e1s del\n\u201cUso de Tecnolog\u00eda en el Aula\u201d &#8211; dictado por el docente de la Universidad de\nMagallanes, Pedro Alberti- tambi\u00e9n se realiz\u00f3 el taller \u201cTierra del Fuego y la\nTerra Australis Inc\u00f3gnita\u201d, a cargo del historiador y encargado del Museo\nRegional de Magallanes, Dusan Martinovic, donde los profesores conocieron m\u00e1s\nacerca de la cultura de los Selknam, y c{omo acercar su historia a los\nescolares de una manera entretenida. <\/p>\n\n\n\n<p>\u201cEstas\ninstancias nos sirven a los docentes para darnos cuenta que la creatividad es\nimportante para trabajar con los ni\u00f1os. Es agradable tambi\u00e9n que se nos\nentreguen estos conocimientos (como historia regional) que nos pueden faltar en\nalgunas ocasiones\u201d, coment\u00f3&nbsp; Jocelyn\nY\u00e1\u00f1ez profesora de ense\u00f1anza b\u00e1sica de la comuna de Cerro Sombrero. <\/p>\n\n\n\n<p>Por su parte\nel profesor del Green Hill College de Punta Arenas, Thomas Fern\u00e1ndez, asegur\u00f3\nque \u201cme ha gustado mucho porque he aprendido herramientas que no las manejaba y\nni imaginaba que exist\u00edan. Tambi\u00e9n ha sido muy buena la experiencia de\ncompartir con colegas de otros lados de la regi\u00f3n y del pa\u00eds\u201d. <\/p>\n\n\n\n<p>Para este\njueves se espera que los participantes aprendan de los talleres \u201cHabilidades\nemocionales en el aula \u201d y \u201cHielo en el fuego, la importancia del hielo como\nrecurso h\u00eddrico\u201d, para finalizar este viernes y s\u00e1bado con una capacitaci\u00f3n\nsobre el uso del m\u00e9todo cient\u00edfico y salidas a terreno a distintos puntos de la\ncapital fueguina. <\/p>\n","protected":false},"excerpt":{"rendered":"<p>Si bien para muchos profesores el celular es un enemigo, cerca de 25 profesores se capacitaron para hacer de la tecnolog\u00eda su mejor aliado. Se trata del primer Campamento docente&#8230; <a class=\"read-more\" href=\"https:\/\/www.radiopresidenteibanez.cl\/web\/profesores-magallanicos-se-capacitan-en-uso-de-tecnologia-en-el-aula\/\">Leer m\u00e1s<\/a><\/p>\n","protected":false},"author":2,"featured_media":10213,"comment_status":"closed","ping_status":"closed","sticky":false,"template":"","format":"standard","meta":{"footnotes":""},"categories":[1],"tags":[],"class_list":["post-10212","post","type-post","status-publish","format-standard","has-post-thumbnail","hentry","category-cronica"],"_links":{"self":[{"href":"https:\/\/www.radiopresidenteibanez.cl\/web\/wp-json\/wp\/v2\/posts\/10212","targetHints":{"allow":["GET"]}}],"collection":[{"href":"https:\/\/www.radiopresidenteibanez.cl\/web\/wp-json\/wp\/v2\/posts"}],"about":[{"href":"https:\/\/www.radiopresidenteibanez.cl\/web\/wp-json\/wp\/v2\/types\/post"}],"author":[{"embeddable":true,"href":"https:\/\/www.radiopresidenteibanez.cl\/web\/wp-json\/wp\/v2\/users\/2"}],"replies":[{"embeddable":true,"href":"https:\/\/www.radiopresidenteibanez.cl\/web\/wp-json\/wp\/v2\/comments?post=10212"}],"version-history":[{"count":0,"href":"https:\/\/www.radiopresidenteibanez.cl\/web\/wp-json\/wp\/v2\/posts\/10212\/revisions"}],"wp:featuredmedia":[{"embeddable":true,"href":"https:\/\/www.radiopresidenteibanez.cl\/web\/wp-json\/wp\/v2\/media\/10213"}],"wp:attachment":[{"href":"https:\/\/www.radiopresidenteibanez.cl\/web\/wp-json\/wp\/v2\/media?parent=10212"}],"wp:term":[{"taxonomy":"category","embeddable":true,"href":"https:\/\/www.radiopresidenteibanez.cl\/web\/wp-json\/wp\/v2\/categories?post=10212"},{"taxonomy":"post_tag","embeddable":true,"href":"https:\/\/www.radiopresidenteibanez.cl\/web\/wp-json\/wp\/v2\/tags?post=10212"}],"curies":[{"name":"wp","href":"https:\/\/api.w.org\/{rel}","templated":true}]}}