{"id":10209,"date":"2020-03-11T23:03:35","date_gmt":"2020-03-11T23:03:35","guid":{"rendered":"https:\/\/www.radiopresidenteibanez.cl\/web\/?p=10209"},"modified":"2020-03-11T23:03:40","modified_gmt":"2020-03-11T23:03:40","slug":"atencion-especial-para-dirigentes-sociales-que-quieran-presentar-proyectos-del-fondo-de-fortalecimiento-de-organizaciones-de-interes-publico-de-segegob","status":"publish","type":"post","link":"https:\/\/www.radiopresidenteibanez.cl\/web\/atencion-especial-para-dirigentes-sociales-que-quieran-presentar-proyectos-del-fondo-de-fortalecimiento-de-organizaciones-de-interes-publico-de-segegob\/","title":{"rendered":"ATENCI\u00d3N ESPECIAL PARA DIRIGENTES SOCIALES QUE QUIERAN PRESENTAR PROYECTOS DEL FONDO DE FORTALECIMIENTO DE ORGANIZACIONES DE INTER\u00c9S P\u00daBLICO DE SEGEGOB"},"content":{"rendered":"\n<p>El equipo de Fondos Concursables de la seremi de Gobierno atender\u00e1 de manera especial a los dirigentes sociales que tengan consultas sobre las bases o el formulario de postulaci\u00f3n del Fondo de Fortalecimiento de Organizaciones de Inter\u00e9s P\u00fablico 2020 (FFOIP) del Ministerio Secretar\u00eda General de Gobierno.<\/p>\n\n\n\n<p>La atenci\u00f3n especial que realizar\u00e1 el equipo de Fondos Concursables ser\u00e1 este jueves 12 y viernes 13 de marzo en el sal\u00f3n Gabriela Mistral de la seremi de Educaci\u00f3n, ubicada en Ignacio Carrera Pinto #1259, entre las 14:30 y 17 horas. <\/p>\n\n\n\n<p>El FFOIP tiene por objetivo fortalecer a organizaciones que buscan promover el inter\u00e9s general en derechos ciudadanos, asistencia social, educaci\u00f3n, salud, medio ambiente, voluntariado y cualquier otra de bien com\u00fan. <\/p>\n\n\n\n<p>La idea de este fondo de la Segegob es potenciar el aporte a la sociedad civil y a las comunidades de los dirigentes sociales.La seremi de Gobierno, Alejandra Mu\u00f1oz, se\u00f1al\u00f3 que, en conjunto con su par de Educaci\u00f3n, Rodrigo Sep\u00falveda, \u201cse ha gestionado este espacio de atenci\u00f3n donde los dirigentes sociales podr\u00e1n plantear sus consultas y ser orientados para que entreguen la informaci\u00f3n de sus iniciativas correctamente. Esta es una forma de reiterar nuestro compromiso con la sociedad civil, brind\u00e1ndoles un apoyo para que postulen sus proyectos\u201d.<\/p>\n\n\n\n<p>En Magallanes, hay disponibles $43.407.371 para las iniciativas, por lo que la vocera del Gobierno Regional reiter\u00f3 el llamado a los dirigentes sociales a motivarse y a presentar sus proyectos. <\/p>\n\n\n\n<p>El plazo de postulaci\u00f3n por escrito ser\u00e1 hasta el 3 de abril, mientras que las organizaciones que presenten sus proyectos v\u00eda online podr\u00e1n hacerlo hasta el 13 de abril.<\/p>\n","protected":false},"excerpt":{"rendered":"<p>El equipo de Fondos Concursables de la seremi de Gobierno atender\u00e1 de manera especial a los dirigentes sociales que tengan consultas sobre las bases o el formulario de postulaci\u00f3n del&#8230; <a class=\"read-more\" href=\"https:\/\/www.radiopresidenteibanez.cl\/web\/atencion-especial-para-dirigentes-sociales-que-quieran-presentar-proyectos-del-fondo-de-fortalecimiento-de-organizaciones-de-interes-publico-de-segegob\/\">Leer m\u00e1s<\/a><\/p>\n","protected":false},"author":2,"featured_media":10210,"comment_status":"closed","ping_status":"closed","sticky":false,"template":"","format":"standard","meta":{"footnotes":""},"categories":[1],"tags":[],"class_list":["post-10209","post","type-post","status-publish","format-standard","has-post-thumbnail","hentry","category-cronica"],"_links":{"self":[{"href":"https:\/\/www.radiopresidenteibanez.cl\/web\/wp-json\/wp\/v2\/posts\/10209","targetHints":{"allow":["GET"]}}],"collection":[{"href":"https:\/\/www.radiopresidenteibanez.cl\/web\/wp-json\/wp\/v2\/posts"}],"about":[{"href":"https:\/\/www.radiopresidenteibanez.cl\/web\/wp-json\/wp\/v2\/types\/post"}],"author":[{"embeddable":true,"href":"https:\/\/www.radiopresidenteibanez.cl\/web\/wp-json\/wp\/v2\/users\/2"}],"replies":[{"embeddable":true,"href":"https:\/\/www.radiopresidenteibanez.cl\/web\/wp-json\/wp\/v2\/comments?post=10209"}],"version-history":[{"count":0,"href":"https:\/\/www.radiopresidenteibanez.cl\/web\/wp-json\/wp\/v2\/posts\/10209\/revisions"}],"wp:featuredmedia":[{"embeddable":true,"href":"https:\/\/www.radiopresidenteibanez.cl\/web\/wp-json\/wp\/v2\/media\/10210"}],"wp:attachment":[{"href":"https:\/\/www.radiopresidenteibanez.cl\/web\/wp-json\/wp\/v2\/media?parent=10209"}],"wp:term":[{"taxonomy":"category","embeddable":true,"href":"https:\/\/www.radiopresidenteibanez.cl\/web\/wp-json\/wp\/v2\/categories?post=10209"},{"taxonomy":"post_tag","embeddable":true,"href":"https:\/\/www.radiopresidenteibanez.cl\/web\/wp-json\/wp\/v2\/tags?post=10209"}],"curies":[{"name":"wp","href":"https:\/\/api.w.org\/{rel}","templated":true}]}}