{"id":10207,"date":"2020-03-11T18:18:49","date_gmt":"2020-03-11T18:18:49","guid":{"rendered":"https:\/\/www.radiopresidenteibanez.cl\/web\/?p=10207"},"modified":"2020-03-11T18:18:54","modified_gmt":"2020-03-11T18:18:54","slug":"triple-colision-se-produjo-en-el-sector-alto-de-punta-arenas","status":"publish","type":"post","link":"https:\/\/www.radiopresidenteibanez.cl\/web\/triple-colision-se-produjo-en-el-sector-alto-de-punta-arenas\/","title":{"rendered":"TRIPLE COLISI\u00d3N SE PRODUJO EN EL SECTOR ALTO DE PUNTA ARENAS"},"content":{"rendered":"\n<p>Pasadas las 22:00 horas de anoche, hasta las intersecciones\nde las calles Ignacio Carrera Pinto y Eusebio Lillo se debi\u00f3 dirigir\nvoluntarios de la 1era y 7ta Compa\u00f1\u00eda de Bomberos, quien trabajaron en una\ntriple colisi\u00f3n ocurrida en el lugar.<\/p>\n\n\n\n<p>Por lo anterior dos menores de edades tuvieron que ser\nasistidos y trasladados hac\u00eda el Hospital Cl\u00ednico de Magallanes por personal\ndel Samu, mientras que uno de los implicados en el hecho se dio a la fuga.<\/p>\n\n\n\n<p>Voluntarios bomberiles tambi\u00e9n trabajaron para evitar un posible derrame de combustible y fuga de gas desde medidor que se vio afectado por el impacto, personal de Carabineros se aperson\u00f3 en el lugar para tomar el procedimiento de rigor. <\/p>\n\n\n\n<p>CHH<\/p>\n","protected":false},"excerpt":{"rendered":"<p>Pasadas las 22:00 horas de anoche, hasta las intersecciones de las calles Ignacio Carrera Pinto y Eusebio Lillo se debi\u00f3 dirigir voluntarios de la 1era y 7ta Compa\u00f1\u00eda de Bomberos,&#8230; <a class=\"read-more\" href=\"https:\/\/www.radiopresidenteibanez.cl\/web\/triple-colision-se-produjo-en-el-sector-alto-de-punta-arenas\/\">Leer m\u00e1s<\/a><\/p>\n","protected":false},"author":2,"featured_media":740,"comment_status":"closed","ping_status":"closed","sticky":false,"template":"","format":"standard","meta":{"footnotes":""},"categories":[1],"tags":[],"class_list":["post-10207","post","type-post","status-publish","format-standard","has-post-thumbnail","hentry","category-cronica"],"_links":{"self":[{"href":"https:\/\/www.radiopresidenteibanez.cl\/web\/wp-json\/wp\/v2\/posts\/10207","targetHints":{"allow":["GET"]}}],"collection":[{"href":"https:\/\/www.radiopresidenteibanez.cl\/web\/wp-json\/wp\/v2\/posts"}],"about":[{"href":"https:\/\/www.radiopresidenteibanez.cl\/web\/wp-json\/wp\/v2\/types\/post"}],"author":[{"embeddable":true,"href":"https:\/\/www.radiopresidenteibanez.cl\/web\/wp-json\/wp\/v2\/users\/2"}],"replies":[{"embeddable":true,"href":"https:\/\/www.radiopresidenteibanez.cl\/web\/wp-json\/wp\/v2\/comments?post=10207"}],"version-history":[{"count":0,"href":"https:\/\/www.radiopresidenteibanez.cl\/web\/wp-json\/wp\/v2\/posts\/10207\/revisions"}],"wp:featuredmedia":[{"embeddable":true,"href":"https:\/\/www.radiopresidenteibanez.cl\/web\/wp-json\/wp\/v2\/media\/740"}],"wp:attachment":[{"href":"https:\/\/www.radiopresidenteibanez.cl\/web\/wp-json\/wp\/v2\/media?parent=10207"}],"wp:term":[{"taxonomy":"category","embeddable":true,"href":"https:\/\/www.radiopresidenteibanez.cl\/web\/wp-json\/wp\/v2\/categories?post=10207"},{"taxonomy":"post_tag","embeddable":true,"href":"https:\/\/www.radiopresidenteibanez.cl\/web\/wp-json\/wp\/v2\/tags?post=10207"}],"curies":[{"name":"wp","href":"https:\/\/api.w.org\/{rel}","templated":true}]}}