{"id":10193,"date":"2020-03-11T12:49:38","date_gmt":"2020-03-11T12:49:38","guid":{"rendered":"https:\/\/www.radiopresidenteibanez.cl\/web\/?p=10193"},"modified":"2020-03-11T12:49:41","modified_gmt":"2020-03-11T12:49:41","slug":"mop-pretende-que-obras-de-biblioteca-y-archivo-regional-se-inicien-a-comienzos-de-2021","status":"publish","type":"post","link":"https:\/\/www.radiopresidenteibanez.cl\/web\/mop-pretende-que-obras-de-biblioteca-y-archivo-regional-se-inicien-a-comienzos-de-2021\/","title":{"rendered":"MOP PRETENDE QUE OBRAS DE BIBLIOTECA Y  ARCHIVO REGIONAL SE INICIEN A COMIENZOS DE 2021"},"content":{"rendered":"\n<p>El\nDirector Nacional de Arquitectura del Ministerio de Obras P\u00fablicas, Ra\u00fal\nIrarr\u00e1zabal, anunci\u00f3 hoy que durante los primeros d\u00edas de mayo pr\u00f3ximo se\niniciar\u00e1 la licitaci\u00f3n para las obras de restauraci\u00f3n de la ex Penitenciar\u00eda y\nla ex Gendarmer\u00eda de Punta Arenas con el fin de habilitar la Biblioteca y\nArchivo Regional de Magallanes, las cuales podr\u00edan iniciarse en las primeras\nsemanas de 2021 si se presenta una oferta conveniente para el inter\u00e9s fiscal.<\/p>\n\n\n\n<p>El\nanhelado proyecto de infraestructura dio hoy un paso significativo hacia su\nmaterializaci\u00f3n con la suscripci\u00f3n de un convenio mandato entre el Servicio\nNacional de Patrimonio Cultural, Subdere, el Gobierno Regional y la Direcci\u00f3n\nde Arquitectura del MOP, con el objetivo de que esta \u00faltima asuma como unidad\nt\u00e9cnica para impulsar el proceso licitatorio y la posterior supervisi\u00f3n de las\nobras.<\/p>\n\n\n\n<p>Seg\u00fan\nRa\u00fal Irarr\u00e1zabal, \u201cla firma de este convenio mandato es el puntapi\u00e9 inicial\npara la materializaci\u00f3n de este proyecto de gran relevancia para la regi\u00f3n de\nMagallanes. Significa que como Ministerio de Obras P\u00fablicas asumimos la responsabilidad\nde sacarlo adelante. Ahora nos enfocaremos a preparar la licitaci\u00f3n, la que se\niniciar\u00e1 a comienzos de mayo y concluir\u00e1 a fines de septiembre. Si la\nlicitaci\u00f3n resulta exitosa y se cumplen los tiempos programados, creemos que el\ncontrato puede ser adjudicado en diciembre pr\u00f3ximo, de manera que las obras\nest\u00e9n en marcha durante las primeras semanas del pr\u00f3ximo a\u00f1o\u201d.<\/p>\n\n\n\n<p>En\ncuanto a los trabajos que involucrar\u00e1 esta iniciativa, la autoridad del MOP\nexplic\u00f3 que \u201cse realizar\u00e1 una restauraci\u00f3n de estos edificios patrimoniales de\nestilo neocl\u00e1sico. Se demoler\u00e1n los elementos que no son originales y se har\u00e1\nuna ampliaci\u00f3n mediante una edificaci\u00f3n de obra nueva hacia calle Chilo\u00e9, la\ncual tendr\u00e1 una arquitectura contempor\u00e1nea que respetar\u00e1 la volumetr\u00eda del\nedificio original\u201d.<\/p>\n\n\n\n<p>Mediante\nesta intervenci\u00f3n, que abarcar\u00e1 una superficie cercana a 5.000 metros\ncuadrados, se mantendr\u00e1n parte de las caracter\u00edsticas originales de los\ninmuebles. Por ejemplo, el patio interior se convertir\u00e1 en la sala de lectura,\nmientras que las celdas se adecuar\u00e1n como lugares de estanter\u00edas referenciales\ny sectores privados para el estudio.<\/p>\n\n\n\n<p>El\nSeremi de Obras P\u00fablicas, Pablo Rendoll, agreg\u00f3 que \u201ceste proyecto tiene un\ngran simbolismo para esta cartera ministerial, pues fue el MOP el que construy\u00f3\nel complejo arquitect\u00f3nico de la ex C\u00e1rcel de Punta Arenas entre 1898 y 1906,\nen tiempos de un importante auge econ\u00f3mico de la ciudad. Ahora volvemos a\nencargarnos de poner en valor este sitio, que ser\u00e1 un lugar de alto uso\ncultural y que posibilitar\u00e1 el resguardo de miles de documentos que forman\nparte de la identidad de nuestra regi\u00f3n\u201d.<\/p>\n\n\n\n<p>Por\nsu parte, el Director Nacional del\nServicio del Patrimonio Cultural, Carlos Maillet, manifest\u00f3 que: \u00abLa\nhabilitaci\u00f3n del Archivo y Biblioteca Regional de Punta Arenas es un gran hito\ncultural y patrimonial para los vecinos y vecinas de la regi\u00f3n. Por una parte,\nrecupera el patrimonio arquitect\u00f3nico y el casco hist\u00f3rico de la ciudad,\ncompatibilizando lo tradicional con lo moderno y por otra parte contribuye a la\ndescentralizaci\u00f3n y mejora el acceso a la cultura, reforzando la identidad, la\nhistoria y el fomento a la lectura con las nuevas generaciones\u201d.<\/p>\n\n\n\n<p>Tras\nplasmar su r\u00fabrica en los documentos del convenio mandato, el Intendente de\nMagallanes y de la Ant\u00e1rtica Chilena, Jos\u00e9 Fern\u00e1ndez D\u00fcbrock, en tanto, detall\u00f3\nque: \u201cEsta es una iniciativa que lleva muchos a\u00f1os en carpeta y ahora estamos\nviendo su materializaci\u00f3n. Estamos a la espera de los pr\u00f3ximos tr\u00e1mites\nadministrativos que se deben hacer, luego de eso viene la toma de raz\u00f3n por\nparte de la Contralor\u00eda y ya de aqu\u00ed a antes de fin de a\u00f1o podremos instalar la\nprimera piedra de este proyecto tripartito, en el cual el Gobierno Regional\nest\u00e1 aportando el 50 por ciento, la Subdere el 25 por ciento y Patrimonio el\notro 25 por ciento\u201d.<\/p>\n\n\n\n<p>El proyecto de habilitaci\u00f3n y construcci\u00f3n de la Biblioteca y Archivo\nRegional de Magallanes fue aprobado durante el a\u00f1o pasado por el Ministerio de\nDesarrollo Social, cont\u00e1ndose con un presupuesto de $15.866.891 para la\nejecuci\u00f3n de las obras civiles.<\/p>\n","protected":false},"excerpt":{"rendered":"<p>El Director Nacional de Arquitectura del Ministerio de Obras P\u00fablicas, Ra\u00fal Irarr\u00e1zabal, anunci\u00f3 hoy que durante los primeros d\u00edas de mayo pr\u00f3ximo se iniciar\u00e1 la licitaci\u00f3n para las obras de&#8230; <a class=\"read-more\" href=\"https:\/\/www.radiopresidenteibanez.cl\/web\/mop-pretende-que-obras-de-biblioteca-y-archivo-regional-se-inicien-a-comienzos-de-2021\/\">Leer m\u00e1s<\/a><\/p>\n","protected":false},"author":2,"featured_media":10194,"comment_status":"closed","ping_status":"closed","sticky":false,"template":"","format":"standard","meta":{"footnotes":""},"categories":[1],"tags":[],"class_list":["post-10193","post","type-post","status-publish","format-standard","has-post-thumbnail","hentry","category-cronica"],"_links":{"self":[{"href":"https:\/\/www.radiopresidenteibanez.cl\/web\/wp-json\/wp\/v2\/posts\/10193","targetHints":{"allow":["GET"]}}],"collection":[{"href":"https:\/\/www.radiopresidenteibanez.cl\/web\/wp-json\/wp\/v2\/posts"}],"about":[{"href":"https:\/\/www.radiopresidenteibanez.cl\/web\/wp-json\/wp\/v2\/types\/post"}],"author":[{"embeddable":true,"href":"https:\/\/www.radiopresidenteibanez.cl\/web\/wp-json\/wp\/v2\/users\/2"}],"replies":[{"embeddable":true,"href":"https:\/\/www.radiopresidenteibanez.cl\/web\/wp-json\/wp\/v2\/comments?post=10193"}],"version-history":[{"count":0,"href":"https:\/\/www.radiopresidenteibanez.cl\/web\/wp-json\/wp\/v2\/posts\/10193\/revisions"}],"wp:featuredmedia":[{"embeddable":true,"href":"https:\/\/www.radiopresidenteibanez.cl\/web\/wp-json\/wp\/v2\/media\/10194"}],"wp:attachment":[{"href":"https:\/\/www.radiopresidenteibanez.cl\/web\/wp-json\/wp\/v2\/media?parent=10193"}],"wp:term":[{"taxonomy":"category","embeddable":true,"href":"https:\/\/www.radiopresidenteibanez.cl\/web\/wp-json\/wp\/v2\/categories?post=10193"},{"taxonomy":"post_tag","embeddable":true,"href":"https:\/\/www.radiopresidenteibanez.cl\/web\/wp-json\/wp\/v2\/tags?post=10193"}],"curies":[{"name":"wp","href":"https:\/\/api.w.org\/{rel}","templated":true}]}}