{"id":10190,"date":"2020-03-11T12:45:24","date_gmt":"2020-03-11T12:45:24","guid":{"rendered":"https:\/\/www.radiopresidenteibanez.cl\/web\/?p=10190"},"modified":"2020-03-11T12:45:28","modified_gmt":"2020-03-11T12:45:28","slug":"senadora-carolina-goic-asumio-comision-de-adulto-mayor-del-senado","status":"publish","type":"post","link":"https:\/\/www.radiopresidenteibanez.cl\/web\/senadora-carolina-goic-asumio-comision-de-adulto-mayor-del-senado\/","title":{"rendered":"SENADORA CAROLINA GOIC ASUMI\u00d3 COMISI\u00d3N DE ADULTO MAYOR DEL SENADO"},"content":{"rendered":"\n<p>Durante esta ma\u00f1ana se realiz\u00f3 el cambio en la presidencia\nde la Comisi\u00f3n Especial del Adulto Mayor del Senado, oportunidad en la cual el\nsenador David Sandoval (UDI) le entreg\u00f3 el cargo a la senadora magall\u00e1nica,\nCarolina Goic, quien se mantendr\u00e1 en este cargo durante un a\u00f1o.<\/p>\n\n\n\n<p>\u201cValoro el trabajo que hizo el senador Sandoval y durante mi\npresidencia espero trabajar para poner los temas del adulto mayor, que sigue\nsiendo uno de los segmentos etarios que m\u00e1s apoyo requieren de parte del\nEstado, en el lugar que se merecen\u201d, dijo la senadora Goic.<\/p>\n\n\n\n<p>\u201cDurante mi gesti\u00f3n quiero centrarme primero en aprobar en\nun tiempo razonable, pero bien hecha, la reforma de pensiones, que es sin duda\nla principal deuda que tenemos como pa\u00eds con nuestros adultos mayores y que ha\nsido una de las principales demandas de las movilizaciones sociales. Tambi\u00e9n\nquiero avanzar en el contrato especial para la tercera edad, junto con la\natenci\u00f3n preferencial en salud y la entrega de medicamentos para adultos\nmayores\u201d, precis\u00f3 Goic.<\/p>\n\n\n\n<p>\u201cEn Magallanes hemos trabajado durante todos estos a\u00f1os con\nlos adultos mayores de la regi\u00f3n y por cierto lo seguiremos haciendo. Por ello\ndesde ya renuevo mi compromiso, esta vez como senadora y presidenta de la\ncomisi\u00f3n para seguir trabajando junto a todos ellos y ellas\u201d, concluy\u00f3.<\/p>\n","protected":false},"excerpt":{"rendered":"<p>Durante esta ma\u00f1ana se realiz\u00f3 el cambio en la presidencia de la Comisi\u00f3n Especial del Adulto Mayor del Senado, oportunidad en la cual el senador David Sandoval (UDI) le entreg\u00f3&#8230; <a class=\"read-more\" href=\"https:\/\/www.radiopresidenteibanez.cl\/web\/senadora-carolina-goic-asumio-comision-de-adulto-mayor-del-senado\/\">Leer m\u00e1s<\/a><\/p>\n","protected":false},"author":2,"featured_media":10191,"comment_status":"closed","ping_status":"closed","sticky":false,"template":"","format":"standard","meta":{"footnotes":""},"categories":[1],"tags":[],"class_list":["post-10190","post","type-post","status-publish","format-standard","has-post-thumbnail","hentry","category-cronica"],"_links":{"self":[{"href":"https:\/\/www.radiopresidenteibanez.cl\/web\/wp-json\/wp\/v2\/posts\/10190","targetHints":{"allow":["GET"]}}],"collection":[{"href":"https:\/\/www.radiopresidenteibanez.cl\/web\/wp-json\/wp\/v2\/posts"}],"about":[{"href":"https:\/\/www.radiopresidenteibanez.cl\/web\/wp-json\/wp\/v2\/types\/post"}],"author":[{"embeddable":true,"href":"https:\/\/www.radiopresidenteibanez.cl\/web\/wp-json\/wp\/v2\/users\/2"}],"replies":[{"embeddable":true,"href":"https:\/\/www.radiopresidenteibanez.cl\/web\/wp-json\/wp\/v2\/comments?post=10190"}],"version-history":[{"count":0,"href":"https:\/\/www.radiopresidenteibanez.cl\/web\/wp-json\/wp\/v2\/posts\/10190\/revisions"}],"wp:featuredmedia":[{"embeddable":true,"href":"https:\/\/www.radiopresidenteibanez.cl\/web\/wp-json\/wp\/v2\/media\/10191"}],"wp:attachment":[{"href":"https:\/\/www.radiopresidenteibanez.cl\/web\/wp-json\/wp\/v2\/media?parent=10190"}],"wp:term":[{"taxonomy":"category","embeddable":true,"href":"https:\/\/www.radiopresidenteibanez.cl\/web\/wp-json\/wp\/v2\/categories?post=10190"},{"taxonomy":"post_tag","embeddable":true,"href":"https:\/\/www.radiopresidenteibanez.cl\/web\/wp-json\/wp\/v2\/tags?post=10190"}],"curies":[{"name":"wp","href":"https:\/\/api.w.org\/{rel}","templated":true}]}}