{"id":1019,"date":"2019-02-03T14:40:42","date_gmt":"2019-02-03T14:40:42","guid":{"rendered":"http:\/\/www.radiopresidenteibanez.cl\/web\/?p=1019"},"modified":"2019-02-03T14:40:49","modified_gmt":"2019-02-03T14:40:49","slug":"expo-itinerante-500-anos-ya-esta-en-zona-austral-de-punta-arenas","status":"publish","type":"post","link":"https:\/\/www.radiopresidenteibanez.cl\/web\/expo-itinerante-500-anos-ya-esta-en-zona-austral-de-punta-arenas\/","title":{"rendered":"EXPO ITINERANTE 500 A\u00d1OS YA EST\u00c1 EN ZONA AUSTRAL DE PUNTA ARENAS"},"content":{"rendered":"\n<p>Hasta el 10 de febrero, la Municipalidad de Punta Arenas en conjunto con ZonaAustral, ponen a disposici\u00f3n de la comunidad la Expo itinerante 500 a\u00f1os, ubicada en el Hall Central del recinto.<\/p>\n\n\n\n<p>La muestra busca rescatar la influencia de pueblos originarios que habitaban la regi\u00f3n, el descubrimiento del Estrecho de Magallanes, adem\u00e1s de contar los detalles de la traves\u00eda realizada por el navegante portugu\u00e9s.<\/p>\n\n\n\n<p>\u201cEn octubre reci\u00e9n pasado, tuvimos el privilegio de contar con el presidente Sebasti\u00e1n Pi\u00f1era para dar inicio a las actividades de conmemoraci\u00f3n de los 500 a\u00f1os. Nuestra idea como municipio es acercar a los puntarenenses a algo que les pertenece, y de lo que son parte. Esta expo viene a generar un aporte cultural para todos quienes la visiten\u201d, asegur\u00f3 el alcalde de Punta Arenas, Claudio Radonich.<\/p>\n\n\n\n<p>La expo cuenta de ocho t\u00f3tems triangulares, de m\u00e1s de dos metros de alto cada uno, los cuales de manera did\u00e1ctica y entretenida cuentan una historia o hito por s\u00ed mismos. Acompa\u00f1ados de im\u00e1genes llamativas e ilustraciones alusivas a cada momento, se ha trasformado en un panorama imperdible en Punta Arenas.<\/p>\n\n\n\n<p>\u201cDejamos cordialmente invitados a todos quienes quieran disfrutar de este hito cultural tan importante para Punta Arenas. Tenemos el privilegio de poner a disposici\u00f3n de la comunidad la Expo Itinerante, siendo un panorama ideal para ni\u00f1os y adultos, m\u00e1s a\u00fan en \u00e9poca de vacaciones\u201d, finaliz\u00f3 Radonich.<br><\/p>\n","protected":false},"excerpt":{"rendered":"<p>Hasta el 10 de febrero, la Municipalidad de Punta Arenas en conjunto con ZonaAustral, ponen a disposici\u00f3n de la comunidad la Expo itinerante 500 a\u00f1os, ubicada en el Hall Central&#8230; <a class=\"read-more\" href=\"https:\/\/www.radiopresidenteibanez.cl\/web\/expo-itinerante-500-anos-ya-esta-en-zona-austral-de-punta-arenas\/\">Leer m\u00e1s<\/a><\/p>\n","protected":false},"author":2,"featured_media":1020,"comment_status":"closed","ping_status":"closed","sticky":false,"template":"","format":"standard","meta":{"footnotes":""},"categories":[1],"tags":[],"class_list":["post-1019","post","type-post","status-publish","format-standard","has-post-thumbnail","hentry","category-cronica"],"_links":{"self":[{"href":"https:\/\/www.radiopresidenteibanez.cl\/web\/wp-json\/wp\/v2\/posts\/1019","targetHints":{"allow":["GET"]}}],"collection":[{"href":"https:\/\/www.radiopresidenteibanez.cl\/web\/wp-json\/wp\/v2\/posts"}],"about":[{"href":"https:\/\/www.radiopresidenteibanez.cl\/web\/wp-json\/wp\/v2\/types\/post"}],"author":[{"embeddable":true,"href":"https:\/\/www.radiopresidenteibanez.cl\/web\/wp-json\/wp\/v2\/users\/2"}],"replies":[{"embeddable":true,"href":"https:\/\/www.radiopresidenteibanez.cl\/web\/wp-json\/wp\/v2\/comments?post=1019"}],"version-history":[{"count":0,"href":"https:\/\/www.radiopresidenteibanez.cl\/web\/wp-json\/wp\/v2\/posts\/1019\/revisions"}],"wp:featuredmedia":[{"embeddable":true,"href":"https:\/\/www.radiopresidenteibanez.cl\/web\/wp-json\/wp\/v2\/media\/1020"}],"wp:attachment":[{"href":"https:\/\/www.radiopresidenteibanez.cl\/web\/wp-json\/wp\/v2\/media?parent=1019"}],"wp:term":[{"taxonomy":"category","embeddable":true,"href":"https:\/\/www.radiopresidenteibanez.cl\/web\/wp-json\/wp\/v2\/categories?post=1019"},{"taxonomy":"post_tag","embeddable":true,"href":"https:\/\/www.radiopresidenteibanez.cl\/web\/wp-json\/wp\/v2\/tags?post=1019"}],"curies":[{"name":"wp","href":"https:\/\/api.w.org\/{rel}","templated":true}]}}