{"id":10187,"date":"2020-03-11T12:43:32","date_gmt":"2020-03-11T12:43:32","guid":{"rendered":"https:\/\/www.radiopresidenteibanez.cl\/web\/?p=10187"},"modified":"2020-03-11T12:43:37","modified_gmt":"2020-03-11T12:43:37","slug":"el-sueno-de-la-casa-propia-para-159-familias-natalinas-ya-sera-una-realidad","status":"publish","type":"post","link":"https:\/\/www.radiopresidenteibanez.cl\/web\/el-sueno-de-la-casa-propia-para-159-familias-natalinas-ya-sera-una-realidad\/","title":{"rendered":"EL SUE\u00d1O DE LA CASA PROPIA PARA 159 FAMILIAS NATALINAS YA SER\u00c1 UNA REALIDAD"},"content":{"rendered":"\n<p>Dentro de un a\u00f1o m\u00e1s, se podr\u00eda\nver materializado el sue\u00f1o de la casa propia para 159 familias natalinas, luego\nde conocerse la favorable votaci\u00f3n del Consejo Regional que aprob\u00f3 el\ncofinanciamiento para la ejecuci\u00f3n de los proyectos habitacionales loteo\n\u201cCentenario\u201d y \u201cSan Pedro\u201d para la comuna de Natales.<\/p>\n\n\n\n<p>El acto fue celebrado ayer en la\nsesi\u00f3n plenaria del Core, donde estuvieron presente diversas familias que\nactualmente postulan al subsidio habitacional, lo propio hizo el alcalde de la\ncomuna Fernando Paredes Mansilla quien estuvo presente en dicha sesi\u00f3n a objeto\nde responder las preguntas presentadas por los consejeros regionales y\nacompa\u00f1ar a las familias.<\/p>\n\n\n\n<p>Al t\u00e9rmino de la sesi\u00f3n el edil\nnatalino manifest\u00f3 su gratitud hacia los consejeros regionales y al Intendente\nde Magallanes por responder a las demandas de las familias natalinas, \u201cesto es\nun sue\u00f1o hecho realidad, detr\u00e1s de este momento hay mucho trabajo, son a\u00f1os de\ntrabajo donde yo quiero felicitar a los funcionarios de la municipalidad que se\nhan transformado en entidad patrocinante para trabajar este proyecto. Quiero\nfelicitar al Serviu, quiero agradecer al Consejo Regional de Magallanes y al\nIntendente que ha tenido la visi\u00f3n como Gobierno de poder bajar los recursos\npara que esto se haga realidad\u201d. <\/p>\n\n\n\n<p>Paredes agradeci\u00f3 tambi\u00e9n a las\nfamilias y valor\u00f3 el trabajo de las directivas de los grupos habitacionales\nquien reconoci\u00f3 su trabajo, manifestando que \u201c\u00e9ste no es un logro de un\nalcalde, esto es un logro de un mont\u00f3n de personas e instituciones que\nconvergen para que se haga realidad y con un solo objetivo de solucionar el\ntema de la casa propia a personas vulnerables y que realmente lo necesitan\u201d.<\/p>\n\n\n\n<p>En tanto los presidentes de ambos\nconjuntos habitacionales se mostraron felices por la aprobaci\u00f3n, Valeria Galindo\ny Cristian Emott &nbsp;agradecieron a las\nautoridades se\u00f1alando que es una noticia que esperaban los socios de ambas\nagrupaciones.<\/p>\n\n\n\n<p>Finalmente el gobernador de la\nProvincia de \u00daltima Esperanza se\u00f1al\u00f3 que es un momento hist\u00f3rico para las\nfamilias, destacando que existe una nueva modalidad de trabajo desde el Serviu\njunto al municipio, lo que permite que dichas agrupaciones que fueron\nbeneficiadas puedan recibir el sue\u00f1o de la casa propia en un tiempo menos\nprolongado.<\/p>\n","protected":false},"excerpt":{"rendered":"<p>Dentro de un a\u00f1o m\u00e1s, se podr\u00eda ver materializado el sue\u00f1o de la casa propia para 159 familias natalinas, luego de conocerse la favorable votaci\u00f3n del Consejo Regional que aprob\u00f3&#8230; <a class=\"read-more\" href=\"https:\/\/www.radiopresidenteibanez.cl\/web\/el-sueno-de-la-casa-propia-para-159-familias-natalinas-ya-sera-una-realidad\/\">Leer m\u00e1s<\/a><\/p>\n","protected":false},"author":2,"featured_media":10188,"comment_status":"closed","ping_status":"closed","sticky":false,"template":"","format":"standard","meta":{"footnotes":""},"categories":[1],"tags":[],"class_list":["post-10187","post","type-post","status-publish","format-standard","has-post-thumbnail","hentry","category-cronica"],"_links":{"self":[{"href":"https:\/\/www.radiopresidenteibanez.cl\/web\/wp-json\/wp\/v2\/posts\/10187","targetHints":{"allow":["GET"]}}],"collection":[{"href":"https:\/\/www.radiopresidenteibanez.cl\/web\/wp-json\/wp\/v2\/posts"}],"about":[{"href":"https:\/\/www.radiopresidenteibanez.cl\/web\/wp-json\/wp\/v2\/types\/post"}],"author":[{"embeddable":true,"href":"https:\/\/www.radiopresidenteibanez.cl\/web\/wp-json\/wp\/v2\/users\/2"}],"replies":[{"embeddable":true,"href":"https:\/\/www.radiopresidenteibanez.cl\/web\/wp-json\/wp\/v2\/comments?post=10187"}],"version-history":[{"count":0,"href":"https:\/\/www.radiopresidenteibanez.cl\/web\/wp-json\/wp\/v2\/posts\/10187\/revisions"}],"wp:featuredmedia":[{"embeddable":true,"href":"https:\/\/www.radiopresidenteibanez.cl\/web\/wp-json\/wp\/v2\/media\/10188"}],"wp:attachment":[{"href":"https:\/\/www.radiopresidenteibanez.cl\/web\/wp-json\/wp\/v2\/media?parent=10187"}],"wp:term":[{"taxonomy":"category","embeddable":true,"href":"https:\/\/www.radiopresidenteibanez.cl\/web\/wp-json\/wp\/v2\/categories?post=10187"},{"taxonomy":"post_tag","embeddable":true,"href":"https:\/\/www.radiopresidenteibanez.cl\/web\/wp-json\/wp\/v2\/tags?post=10187"}],"curies":[{"name":"wp","href":"https:\/\/api.w.org\/{rel}","templated":true}]}}