{"id":10184,"date":"2020-03-11T12:41:30","date_gmt":"2020-03-11T12:41:30","guid":{"rendered":"https:\/\/www.radiopresidenteibanez.cl\/web\/?p=10184"},"modified":"2020-03-11T12:41:35","modified_gmt":"2020-03-11T12:41:35","slug":"municipalidad-impulsa-proyecto-que-busca-implementar-boton-de-panico-para-victimas-de-violencia-intrafamiliar","status":"publish","type":"post","link":"https:\/\/www.radiopresidenteibanez.cl\/web\/municipalidad-impulsa-proyecto-que-busca-implementar-boton-de-panico-para-victimas-de-violencia-intrafamiliar\/","title":{"rendered":"MUNICIPALIDAD IMPULSA PROYECTO QUE BUSCA IMPLEMENTAR BOT\u00d3N DE P\u00c1NICO PARA V\u00cdCTIMAS DE VIOLENCIA INTRAFAMILIAR"},"content":{"rendered":"\n<p>Como una acci\u00f3n preventiva concreta, calific\u00f3 el alcalde Claudio Radonich, la idea de implementar un sistema integrado que evite que mujeres v\u00edctimas de violencia familiar, sigan siendo intimidadas por quienes ya lo hicieron en el pasado. Es por esto, que en las pr\u00f3ximas semanas se firmar\u00e1 un convenio entre la Municipalidad de Punta Arenas, Carabineros de Chile y la Fiscal\u00eda Regional, con el fin de poder implementar lo que han denominado: Bot\u00f3n de P\u00e1nico SOS Mujer, el cual permitir\u00e1 activar los protocolos establecidos para proteger a las mujeres que hayan realizado la denuncia correspondiente y se encuentren en proceso de investigaci\u00f3n.<\/p>\n\n\n\n<p>Todo ello, se aplicar\u00e1 a trav\u00e9s de un dispositivo que emite Alerta a trav\u00e9s de mensajer\u00eda de texto, el cual paralelamente, posee un sistema de localizaci\u00f3n inmediata por sistema GPS, generando una llamada a la Central de Emergencias tanto de Carabineros como del Municipio, as\u00ed como tambi\u00e9n a tres contactos entregados por la V\u00edctima.<\/p>\n\n\n\n<p>\u201cEfectivamente, los dispositivos contar\u00e1n con GPS, adem\u00e1s se contempla la adquisici\u00f3n de un software que se instalar\u00eda en la Central de Monitoreo, por lo que al utilizarse indicar\u00e1 el lugar exacto de donde se encuentra la v\u00edctima, y esa alerta llegar\u00e1 a Carabineros de Chile, Central de Monitoreo y a tres cercanos que ella indique\u201d, agreg\u00f3 Radonich.<\/p>\n\n\n\n<p>La autoridad comunal, valor\u00f3 adem\u00e1s la disposici\u00f3n de todos los actores involucrados para que esto resulte, ya que seg\u00fan dijo \u201cser\u00e1 una herramienta que brindar\u00e1 mayor seguridad y protecci\u00f3n a las mujeres que han sido v\u00edctimas de Violencia\u201d.<\/p>\n\n\n\n<p>La inversi\u00f3n inicial aportada por el Municipio para este proyecto, ser\u00e1 de 35 millones de pesos, y se espera poder concretar durante el primer semestre de este a\u00f1o.<\/p>\n","protected":false},"excerpt":{"rendered":"<p>Como una acci\u00f3n preventiva concreta, calific\u00f3 el alcalde Claudio Radonich, la idea de implementar un sistema integrado que evite que mujeres v\u00edctimas de violencia familiar, sigan siendo intimidadas por quienes&#8230; <a class=\"read-more\" href=\"https:\/\/www.radiopresidenteibanez.cl\/web\/municipalidad-impulsa-proyecto-que-busca-implementar-boton-de-panico-para-victimas-de-violencia-intrafamiliar\/\">Leer m\u00e1s<\/a><\/p>\n","protected":false},"author":2,"featured_media":10185,"comment_status":"closed","ping_status":"closed","sticky":false,"template":"","format":"standard","meta":{"footnotes":""},"categories":[1],"tags":[],"class_list":["post-10184","post","type-post","status-publish","format-standard","has-post-thumbnail","hentry","category-cronica"],"_links":{"self":[{"href":"https:\/\/www.radiopresidenteibanez.cl\/web\/wp-json\/wp\/v2\/posts\/10184","targetHints":{"allow":["GET"]}}],"collection":[{"href":"https:\/\/www.radiopresidenteibanez.cl\/web\/wp-json\/wp\/v2\/posts"}],"about":[{"href":"https:\/\/www.radiopresidenteibanez.cl\/web\/wp-json\/wp\/v2\/types\/post"}],"author":[{"embeddable":true,"href":"https:\/\/www.radiopresidenteibanez.cl\/web\/wp-json\/wp\/v2\/users\/2"}],"replies":[{"embeddable":true,"href":"https:\/\/www.radiopresidenteibanez.cl\/web\/wp-json\/wp\/v2\/comments?post=10184"}],"version-history":[{"count":0,"href":"https:\/\/www.radiopresidenteibanez.cl\/web\/wp-json\/wp\/v2\/posts\/10184\/revisions"}],"wp:featuredmedia":[{"embeddable":true,"href":"https:\/\/www.radiopresidenteibanez.cl\/web\/wp-json\/wp\/v2\/media\/10185"}],"wp:attachment":[{"href":"https:\/\/www.radiopresidenteibanez.cl\/web\/wp-json\/wp\/v2\/media?parent=10184"}],"wp:term":[{"taxonomy":"category","embeddable":true,"href":"https:\/\/www.radiopresidenteibanez.cl\/web\/wp-json\/wp\/v2\/categories?post=10184"},{"taxonomy":"post_tag","embeddable":true,"href":"https:\/\/www.radiopresidenteibanez.cl\/web\/wp-json\/wp\/v2\/tags?post=10184"}],"curies":[{"name":"wp","href":"https:\/\/api.w.org\/{rel}","templated":true}]}}